{"id":410697,"date":"2023-01-20T18:45:10","date_gmt":"2023-01-20T22:45:10","guid":{"rendered":"http:\/\/diariodominicano.com\/?p=410697"},"modified":"2023-01-20T18:46:52","modified_gmt":"2023-01-20T22:46:52","slug":"observatorio-de-derechos-humanos-capacitara-a-nuevos-miembros-de-la-policia-nacional","status":"publish","type":"post","link":"https:\/\/diariodominicano.com\/?p=410697","title":{"rendered":"Observatorio de Derechos Humanos\u00a0capacitar\u00e1 a nuevos miembros de la Polic\u00eda Nacional"},"content":{"rendered":"\n<p> Manuel\u00a0Meccariello <\/p>\n\n\n\n<p>\u00a0<strong>Santo Domingo, RD.-<\/strong>El Director del Observatorio de Derechos Humanos para Grupos Vulnerables, Manuel\u00a0Meccariello, se reuni\u00f3 con el Vocero de la Polic\u00eda Nacional, Diego Pesqueira. Conversaron  sobre la relaci\u00f3n de los agentes de la Polic\u00eda con los ciudadanos basados en el respeto fundamental de la dignidad humana, derechos y deberes;  acordaron nuevas capacitaciones en temas relacionados con los Derechos Humanos para cada miembro de este cuerpo del orden.<\/p>\n\n\n\n<p>Se recuerda que el observatorio de Derechos Humanos para Grupos Vulnerables capacito en el a\u00f1o 2022 a m\u00e1s de mil agentes de la Polic\u00eda Nacional y para este a\u00f1o 2023 iniciaran nuevas capacitaciones con el objetivo de poder cubrir a todos los miembros de la instituci\u00f3n.<\/p>\n\n\n\n<p>\u201cEs muy importante esta nueva apertura por parte de la Polic\u00eda Nacional para continuar estas formaciones para cada integrante de la instituci\u00f3n del orden y que est\u00e9n apegados al respeto de los derechos humanos\u201d, expres\u00f3 Manuel Meccariello, Director del Observatorio de Derechos Humanos para Grupos Vulnerables.<\/p>\n\n\n\n<p>&nbsp;En estas capacitaciones los miembros de la polic\u00eda Nacional estar\u00e1n interactuando con representantes de Grupos&nbsp;Vulnerabilizados sobre sus vivencias y como han sido violentados sus derechos.<\/p>\n\n\n\n<p>Este Observatorio tiene 9 a\u00f1os funcionando en Rep\u00fablica Dominicana, donde promueve y defiende los derechos humanos, adem\u00e1s, la organizaci\u00f3n brinda el servicio legal y asistencia psicol\u00f3gica de manera gratuita a las personas que necesitan este servicio y v\u00edctimas de violaciones de derechos humanos.<\/p>\n\n\n\n<p>Manuel\u00a0Meccariello hizo un llamado a todas las personas que sean v\u00edctimas de violaciones de derechos humanos a que lo denuncien en la l\u00ednea de auxilio del observatorio que es gratuita 809-200-0286.<\/p>\n\n\n\n<p>manuel meccariello<a rel=\"noreferrer noopener\" target=\"_blank\" href=\"mailto:mmeccariello@gmail.com\">mmeccariello@gmail.com<\/a><\/p>\n","protected":false},"excerpt":{"rendered":"<p>Manuel\u00a0Meccariello \u00a0Santo Domingo, RD.-El Director del Observatorio de Derechos Humanos para Grupos Vulnerables, Manuel\u00a0Meccariello, se reuni\u00f3 con el Vocero de la Polic\u00eda Nacional, Diego Pesqueira. Conversaron sobre la relaci\u00f3n de los agentes de la Polic\u00eda con los ciudadanos basados en el respeto fundamental de la dignidad humana, derechos y deberes; acordaron nuevas capacitaciones en temas [&hellip;]<\/p>\n","protected":false},"author":28,"featured_media":410700,"comment_status":"closed","ping_status":"","sticky":true,"template":"","format":"standard","meta":{"footnotes":""},"categories":[36,20,29,27],"tags":[],"class_list":["post-410697","post","type-post","status-publish","format-standard","has-post-thumbnail","hentry","category-hombresmujeresycosas","category-dominicana-hoy","category-policiasucesos","category-portada"],"_links":{"self":[{"href":"https:\/\/diariodominicano.com\/index.php?rest_route=\/wp\/v2\/posts\/410697","targetHints":{"allow":["GET"]}}],"collection":[{"href":"https:\/\/diariodominicano.com\/index.php?rest_route=\/wp\/v2\/posts"}],"about":[{"href":"https:\/\/diariodominicano.com\/index.php?rest_route=\/wp\/v2\/types\/post"}],"author":[{"embeddable":true,"href":"https:\/\/diariodominicano.com\/index.php?rest_route=\/wp\/v2\/users\/28"}],"replies":[{"embeddable":true,"href":"https:\/\/diariodominicano.com\/index.php?rest_route=%2Fwp%2Fv2%2Fcomments&post=410697"}],"version-history":[{"count":3,"href":"https:\/\/diariodominicano.com\/index.php?rest_route=\/wp\/v2\/posts\/410697\/revisions"}],"predecessor-version":[{"id":410701,"href":"https:\/\/diariodominicano.com\/index.php?rest_route=\/wp\/v2\/posts\/410697\/revisions\/410701"}],"wp:featuredmedia":[{"embeddable":true,"href":"https:\/\/diariodominicano.com\/index.php?rest_route=\/wp\/v2\/media\/410700"}],"wp:attachment":[{"href":"https:\/\/diariodominicano.com\/index.php?rest_route=%2Fwp%2Fv2%2Fmedia&parent=410697"}],"wp:term":[{"taxonomy":"category","embeddable":true,"href":"https:\/\/diariodominicano.com\/index.php?rest_route=%2Fwp%2Fv2%2Fcategories&post=410697"},{"taxonomy":"post_tag","embeddable":true,"href":"https:\/\/diariodominicano.com\/index.php?rest_route=%2Fwp%2Fv2%2Ftags&post=410697"}],"curies":[{"name":"wp","href":"https:\/\/api.w.org\/{rel}","templated":true}]}}