{"id":410637,"date":"2023-01-20T17:07:43","date_gmt":"2023-01-20T21:07:43","guid":{"rendered":"http:\/\/diariodominicano.com\/?p=410637"},"modified":"2023-01-20T17:07:43","modified_gmt":"2023-01-20T21:07:43","slug":"la-fiscalia-de-azua-obtiene-condena-de-30-anos-de-prision-contra-hombre-que-cometio-robo-agravado","status":"publish","type":"post","link":"https:\/\/diariodominicano.com\/?p=410637","title":{"rendered":"La Fiscal\u00eda de Azua obtiene condena de 30 a\u00f1os de prisi\u00f3n contra hombre que cometi\u00f3 robo agravado"},"content":{"rendered":"\n<p><\/p>\n\n\n\n<p>AZUA, Rep\u00fablica Dominicana.- Atendiendo la solicitud del Ministerio P\u00fablico, el Tribunal Colegiado de este distrito judicial conden\u00f3 a 20 a\u00f1os de prisi\u00f3n a un asaltante que en 2021 cometi\u00f3 robo y agresi\u00f3n con arma blanca en contra de un hombre y una mujer, en una residencia en Padre Las Casas.<\/p>\n\n\n\n<p>Los jueces Camilo Segura, Idahisa Medina y Adelaida Luciano acogieron en su totalidad las pruebas presentadas por el fiscal Arodis S\u00e1nchez y dictaron la sentencia en contra Jorge Luis de la Rosa, alias Wilmen La Para, quien cometi\u00f3 los hechos en contra de Yisenia Cuello y su hermano Santo Morillo Rodr\u00edguez.<\/p>\n\n\n\n<p>La Fiscal\u00eda demostr\u00f3 en audiencia que con sus acciones De la Rosa viol\u00f3 los art\u00edculos 379 y 382 del C\u00f3digo Penal Dominicano, que prev\u00e9n y sancionan el robo realizado con la presencia de armas y cuando causen alguna herida a las v\u00edctimas, lo que califica como robo agravado.<\/p>\n\n\n\n<p>La madrugada del 7 de noviembre de 2021, el hoy condenado se present\u00f3 a la residencia de la v\u00edctima, ubicada en el municipio Padre Las Casas, de esta provincia, y rompi\u00f3 la puerta principal de la vivienda, de donde sustrajo un celular y 500 pesos.<\/p>\n\n\n\n<p>Al notar que fue reconocido por Cuello, De la Rosa la agredi\u00f3 f\u00edsicamente, caus\u00e1ndole heridas en cuatro dedos de la mano izquierda, y abandon\u00f3 el lugar.<\/p>\n\n\n\n<p>No conforme con lo sucedido, el agresor regres\u00f3 a la residencia de la v\u00edctima a las 8:30 de la ma\u00f1ana de ese d\u00eda, con la intenci\u00f3n de agredir otra vez a Cuello. La mujer fue defendida por su hermano, Morillo Rodr\u00edguez, a quien De la Rosa atac\u00f3 con el machete que llevaba, con el cual le cort\u00f3 dos dedos de la mano derecha y le caus\u00f3 otras lesiones permanentes.<\/p>\n\n\n\n<p>De la Rosa, quien deber\u00e1 cumplir la pena en la c\u00e1rcel p\u00fablica 19 de Marzo, de esta provincia, tambi\u00e9n fue condenado a pagar una indemnizaci\u00f3n de 700 mil pesos a los querellantes, por da\u00f1os y perjuicios.<\/p>\n\n\n\n<p><strong>Direcci\u00f3n de Comunicaci\u00f3n y Prensa<\/strong><\/p>\n\n\n\n<p><strong>Procuradur\u00eda General-Ministerio P\u00fablico RD<\/strong><\/p>\n\n\n\n<p><strong>Viernes, 20 de enero de 2023.<\/strong><\/p>\n","protected":false},"excerpt":{"rendered":"<p>AZUA, Rep\u00fablica Dominicana.- Atendiendo la solicitud del Ministerio P\u00fablico, el Tribunal Colegiado de este distrito judicial conden\u00f3 a 20 a\u00f1os de prisi\u00f3n a un asaltante que en 2021 cometi\u00f3 robo y agresi\u00f3n con arma blanca en contra de un hombre y una mujer, en una residencia en Padre Las Casas. Los jueces Camilo Segura, Idahisa [&hellip;]<\/p>\n","protected":false},"author":28,"featured_media":293928,"comment_status":"closed","ping_status":"","sticky":true,"template":"","format":"standard","meta":{"footnotes":""},"categories":[24,29,27],"tags":[],"class_list":["post-410637","post","type-post","status-publish","format-standard","has-post-thumbnail","hentry","category-justicia-y-derecho","category-policiasucesos","category-portada"],"_links":{"self":[{"href":"https:\/\/diariodominicano.com\/index.php?rest_route=\/wp\/v2\/posts\/410637","targetHints":{"allow":["GET"]}}],"collection":[{"href":"https:\/\/diariodominicano.com\/index.php?rest_route=\/wp\/v2\/posts"}],"about":[{"href":"https:\/\/diariodominicano.com\/index.php?rest_route=\/wp\/v2\/types\/post"}],"author":[{"embeddable":true,"href":"https:\/\/diariodominicano.com\/index.php?rest_route=\/wp\/v2\/users\/28"}],"replies":[{"embeddable":true,"href":"https:\/\/diariodominicano.com\/index.php?rest_route=%2Fwp%2Fv2%2Fcomments&post=410637"}],"version-history":[{"count":1,"href":"https:\/\/diariodominicano.com\/index.php?rest_route=\/wp\/v2\/posts\/410637\/revisions"}],"predecessor-version":[{"id":410638,"href":"https:\/\/diariodominicano.com\/index.php?rest_route=\/wp\/v2\/posts\/410637\/revisions\/410638"}],"wp:featuredmedia":[{"embeddable":true,"href":"https:\/\/diariodominicano.com\/index.php?rest_route=\/wp\/v2\/media\/293928"}],"wp:attachment":[{"href":"https:\/\/diariodominicano.com\/index.php?rest_route=%2Fwp%2Fv2%2Fmedia&parent=410637"}],"wp:term":[{"taxonomy":"category","embeddable":true,"href":"https:\/\/diariodominicano.com\/index.php?rest_route=%2Fwp%2Fv2%2Fcategories&post=410637"},{"taxonomy":"post_tag","embeddable":true,"href":"https:\/\/diariodominicano.com\/index.php?rest_route=%2Fwp%2Fv2%2Ftags&post=410637"}],"curies":[{"name":"wp","href":"https:\/\/api.w.org\/{rel}","templated":true}]}}