{"id":410561,"date":"2023-01-19T22:56:37","date_gmt":"2023-01-20T02:56:37","guid":{"rendered":"http:\/\/diariodominicano.com\/?p=410561"},"modified":"2023-01-19T22:56:37","modified_gmt":"2023-01-20T02:56:37","slug":"bodegueros-ny-se-unen-y-apoyan-iniciativa-de-goya-erradicar-trafico-humano","status":"publish","type":"post","link":"https:\/\/diariodominicano.com\/?p=410561","title":{"rendered":"Bodegueros NY se unen y apoyan iniciativa de Goya erradicar tr\u00e1fico humano"},"content":{"rendered":"\n<p><strong>Por Ram\u00f3n Mercedes<\/strong><\/p>\n\n\n\n<p><strong>NUEVA YORK.-<\/strong>&nbsp;El presidente de la Uni\u00f3n de Bodegas de Am\u00e9rica (UBA), Radham\u00e9s Rodr\u00edguez, cuya organizaci\u00f3n aglutina a m\u00e1s de 12 mil bodegueros en esta ciudad, manifest\u00f3 que la entidad que dirige se une y apoya la iniciativa de la empresa hispana Goya Foods para combatir la trata de humanos.<\/p>\n\n\n\n<p>Dijo que durante un reciente encuentro con Roberto Unuane, CEO de Goya, UBA fue invitada a participar \u201cy desde ya nos comprometimos a trabajar, junto a nuestros miembros con el mismo prop\u00f3sito\u201d.&nbsp;&nbsp;<\/p>\n\n\n\n<p>Unuane sostiene que el delito deja profundas&nbsp;secuelas en familias y comunidades de todo el universo, \u201cya que es una industria mundial de 250 mil millones de d\u00f3lares, con una destrucci\u00f3n de la familia y un abuso en contra de los ni\u00f1os\u00bb.<\/p>\n\n\n\n<p>A\u00f1ade, \u201cacabar con este delito es la misi\u00f3n de Goya Cares, que uni\u00f3 fuerzas con varias organizaciones y empresas locales para luchar contra lo que ellos llaman una epidemia, que afecta de forma desproporcionada a comunidades hist\u00f3ricamente desfavorecidas\u201d.<\/p>\n\n\n\n<p>Goya, que es conocido por sus enlatados, a\u00f1adi\u00f3 un c\u00f3digo QR en 30 millones de latas de frijoles que lleva directamente a la l\u00ednea contra la trata de personas, as\u00ed como a recursos y es ah\u00ed donde los supermercados y bodegas de la ciudad juegan un papel fundamental.<\/p>\n\n\n\n<p>Nueva York junto a Florida, Texas, California y Georgia registran una tasa de trata humana superior a la de todo el pa\u00eds.<\/p>\n\n\n\n<p>Este a\u00f1o, Goya Cares promover\u00e1 un plan de estudio en las escuelas p\u00fablicas de la ciudad para educar y empoderar a los estudiantes.<\/p>\n\n\n\n<p>De acuerdo con el Centro Nacional para Menores Desaparecidos y Explotados, el tr\u00e1fico sexual de menores a trav\u00e9s de plataformas en l\u00ednea alcanz\u00f3 m\u00e1ximos hist\u00f3ricos por lo que Goya puso en marcha la creaci\u00f3n de contenido digital de 60 segundos que habla sobre la importancia del amor propio.<\/p>\n\n\n\n<p>Si crees ser v\u00edctima de la trata o conoces a alguien que est\u00e9 pasando por esta situaci\u00f3n, puedes llamar a la l\u00ednea directa nacional contra la trata de seres humanos al 1-888-373-7888.<\/p>\n\n\n\n<p>El presidente de UBA record\u00f3 que, de acuerdo a datos de Unicef, cada a\u00f1o, 40 millones de personas son traficadas en el mundo, 60% son mujeres y 25% ni\u00f1os.<\/p>\n","protected":false},"excerpt":{"rendered":"<p>Por Ram\u00f3n Mercedes NUEVA YORK.-&nbsp;El presidente de la Uni\u00f3n de Bodegas de Am\u00e9rica (UBA), Radham\u00e9s Rodr\u00edguez, cuya organizaci\u00f3n aglutina a m\u00e1s de 12 mil bodegueros en esta ciudad, manifest\u00f3 que la entidad que dirige se une y apoya la iniciativa de la empresa hispana Goya Foods para combatir la trata de humanos. Dijo que durante [&hellip;]<\/p>\n","protected":false},"author":28,"featured_media":410563,"comment_status":"closed","ping_status":"","sticky":true,"template":"","format":"standard","meta":{"footnotes":""},"categories":[23,29,27],"tags":[],"class_list":["post-410561","post","type-post","status-publish","format-standard","has-post-thumbnail","hentry","category-internacional","category-policiasucesos","category-portada"],"_links":{"self":[{"href":"https:\/\/diariodominicano.com\/index.php?rest_route=\/wp\/v2\/posts\/410561","targetHints":{"allow":["GET"]}}],"collection":[{"href":"https:\/\/diariodominicano.com\/index.php?rest_route=\/wp\/v2\/posts"}],"about":[{"href":"https:\/\/diariodominicano.com\/index.php?rest_route=\/wp\/v2\/types\/post"}],"author":[{"embeddable":true,"href":"https:\/\/diariodominicano.com\/index.php?rest_route=\/wp\/v2\/users\/28"}],"replies":[{"embeddable":true,"href":"https:\/\/diariodominicano.com\/index.php?rest_route=%2Fwp%2Fv2%2Fcomments&post=410561"}],"version-history":[{"count":1,"href":"https:\/\/diariodominicano.com\/index.php?rest_route=\/wp\/v2\/posts\/410561\/revisions"}],"predecessor-version":[{"id":410564,"href":"https:\/\/diariodominicano.com\/index.php?rest_route=\/wp\/v2\/posts\/410561\/revisions\/410564"}],"wp:featuredmedia":[{"embeddable":true,"href":"https:\/\/diariodominicano.com\/index.php?rest_route=\/wp\/v2\/media\/410563"}],"wp:attachment":[{"href":"https:\/\/diariodominicano.com\/index.php?rest_route=%2Fwp%2Fv2%2Fmedia&parent=410561"}],"wp:term":[{"taxonomy":"category","embeddable":true,"href":"https:\/\/diariodominicano.com\/index.php?rest_route=%2Fwp%2Fv2%2Fcategories&post=410561"},{"taxonomy":"post_tag","embeddable":true,"href":"https:\/\/diariodominicano.com\/index.php?rest_route=%2Fwp%2Fv2%2Ftags&post=410561"}],"curies":[{"name":"wp","href":"https:\/\/api.w.org\/{rel}","templated":true}]}}