{"id":410558,"date":"2023-01-19T22:54:00","date_gmt":"2023-01-20T02:54:00","guid":{"rendered":"http:\/\/diariodominicano.com\/?p=410558"},"modified":"2023-01-19T22:54:00","modified_gmt":"2023-01-20T02:54:00","slug":"policia-ny-apresa-afroamericano-asalto-dos-personas-en-el-alto-manhattan","status":"publish","type":"post","link":"https:\/\/diariodominicano.com\/?p=410558","title":{"rendered":"Polic\u00eda NY apresa afroamericano asalt\u00f3 dos personas en el Alto Manhattan"},"content":{"rendered":"\n<p><strong>Por Ram\u00f3n Mercedes<\/strong><\/p>\n\n\n\n<p><strong>NUEVA YORK.-&nbsp;<\/strong>La polic\u00eda de esta ciudad apres\u00f3 a un afroamericano que era perseguido por asaltar a punta de pistola dos personas en el Alto Manhattan el mismo d\u00eda con diferencia de horas.<\/p>\n\n\n\n<p>La instituci\u00f3n dio a conocer la informaci\u00f3n este jueves sobre el apresamiento de Tyrell Paschal, de 24 a\u00f1os. Ya hab\u00eda despachado una foto del apresado.<\/p>\n\n\n\n<p>El primer asalto lo cometi\u00f3 a eso de las 2:00 de la tarde en Riverside Drive con la calle 157, al apuntar con la pistola a un envejeciente de 64 a\u00f1os el pasado 27 de noviembre.<\/p>\n\n\n\n<p>Luego, a las 3:40 PM de ese mismo d\u00eda asalt\u00f3 a una mujer de 27 a\u00f1os que caminaba por la avenida Fort Washington con la calle 180, quit\u00e1ndole su cartera que conten\u00eda $1,400 d\u00f3lares y varios documentos.<\/p>\n\n\n\n<p>Ninguna de las personas asaltadas result\u00f3 herida, informaron las autoridades. Tampoco dieron a conocer sus nacionalidades e identidades.<\/p>\n\n\n\n<p>La uniformada hab\u00eda dado la descripci\u00f3n del asaltante y solicitado a la ciudadan\u00eda informaciones que pudieran apresarlos, llamando a Crime Stoppers de NYPD al 1-800-577-8477 o al 1-888-577-4782)<\/p>\n","protected":false},"excerpt":{"rendered":"<p>Por Ram\u00f3n Mercedes NUEVA YORK.-&nbsp;La polic\u00eda de esta ciudad apres\u00f3 a un afroamericano que era perseguido por asaltar a punta de pistola dos personas en el Alto Manhattan el mismo d\u00eda con diferencia de horas. La instituci\u00f3n dio a conocer la informaci\u00f3n este jueves sobre el apresamiento de Tyrell Paschal, de 24 a\u00f1os. Ya hab\u00eda [&hellip;]<\/p>\n","protected":false},"author":28,"featured_media":410559,"comment_status":"closed","ping_status":"","sticky":true,"template":"","format":"standard","meta":{"footnotes":""},"categories":[23,29,27],"tags":[],"class_list":["post-410558","post","type-post","status-publish","format-standard","has-post-thumbnail","hentry","category-internacional","category-policiasucesos","category-portada"],"_links":{"self":[{"href":"https:\/\/diariodominicano.com\/index.php?rest_route=\/wp\/v2\/posts\/410558","targetHints":{"allow":["GET"]}}],"collection":[{"href":"https:\/\/diariodominicano.com\/index.php?rest_route=\/wp\/v2\/posts"}],"about":[{"href":"https:\/\/diariodominicano.com\/index.php?rest_route=\/wp\/v2\/types\/post"}],"author":[{"embeddable":true,"href":"https:\/\/diariodominicano.com\/index.php?rest_route=\/wp\/v2\/users\/28"}],"replies":[{"embeddable":true,"href":"https:\/\/diariodominicano.com\/index.php?rest_route=%2Fwp%2Fv2%2Fcomments&post=410558"}],"version-history":[{"count":1,"href":"https:\/\/diariodominicano.com\/index.php?rest_route=\/wp\/v2\/posts\/410558\/revisions"}],"predecessor-version":[{"id":410560,"href":"https:\/\/diariodominicano.com\/index.php?rest_route=\/wp\/v2\/posts\/410558\/revisions\/410560"}],"wp:featuredmedia":[{"embeddable":true,"href":"https:\/\/diariodominicano.com\/index.php?rest_route=\/wp\/v2\/media\/410559"}],"wp:attachment":[{"href":"https:\/\/diariodominicano.com\/index.php?rest_route=%2Fwp%2Fv2%2Fmedia&parent=410558"}],"wp:term":[{"taxonomy":"category","embeddable":true,"href":"https:\/\/diariodominicano.com\/index.php?rest_route=%2Fwp%2Fv2%2Fcategories&post=410558"},{"taxonomy":"post_tag","embeddable":true,"href":"https:\/\/diariodominicano.com\/index.php?rest_route=%2Fwp%2Fv2%2Ftags&post=410558"}],"curies":[{"name":"wp","href":"https:\/\/api.w.org\/{rel}","templated":true}]}}