{"id":41049,"date":"2019-11-27T22:51:22","date_gmt":"2019-11-27T22:51:22","guid":{"rendered":"http:\/\/diariodominicano.ddns.net\/?p=41049"},"modified":"2019-11-27T22:51:22","modified_gmt":"2019-11-27T22:51:22","slug":"a-pleno-solcrisis-humanitaria","status":"publish","type":"post","link":"https:\/\/diariodominicano.com\/?p=41049","title":{"rendered":"&#13;A Pleno Sol&#13;&#13;Crisis humanitaria"},"content":{"rendered":"<p><body><\/p>\n<p><strong>Diariodominicano.com<\/strong><\/p>\n<p><strong>Por Manuel Hern\u00e1ndez Villeta<\/strong><\/p>\n<\/p>\n<\/p>\n<p>La crisis humanitaria haitiana que se teje a nivel de laboratorio de las grandes potencias, va a cambiar el panorama pol\u00edtico y social de la Rep\u00fablica Dominicana. La disociaci\u00f3n social de Hait\u00ed arrastra a nuestro pa\u00eds, y eso es peligroso.<\/p>\n<\/p>\n<p>El desorden haitiano ha sido catapultado por el accionar de dejar pasar y dejar hacer  de los pa\u00edses desarrollados envueltos directamente en la crisis. Las Naciones Unidas desmantelaron su fuerza de paz, dejando a los haitianos a expensas de  ir directos al infierno.<\/p>\n<\/p>\n<p>Se maneja ahora el concepto de crisis humanitaria, dentro de la poblada que estremece a Hait\u00ed. Es un pa\u00eds donde no hay ej\u00e9rcito, ni orden. Las grandes potencias se han lavado las manos, para profundizar lo que estiman es una gran crisis humanitaria.<\/p>\n<\/p>\n<p>Da la impresi\u00f3n de que se busca magnificar un gran desorden, cuyo punto culminante ser\u00eda una gran avalancha de haitianos penetrando a territorio dominicano a paso de banderola. De ah\u00ed surgir\u00edan los campamentos de refugiados en territorio nacional, y ya todo estar\u00eda perdido.<\/p>\n<\/p>\n<p>Hay que enfrentar la posibilidad de la frontera abierta y la comuni\u00f3n de nacionalidades. Hait\u00ed es una rep\u00fablica y dominicana otra. No se pueden fusionar, ni en el territorio, ni en lo pol\u00edtico, ni en lo econ\u00f3mico, ni en lo social.<\/p>\n<\/p>\n<p>Los dominicanos  tenemos que enfrentar cualquier acci\u00f3n que vaya dirigida a vulnerar nuestra nacionalidad. No puede haber frontera abierta, no puede darse una refundici\u00f3n de culturas, de intereses econ\u00f3micos o pol\u00edticos. Los problemas haitianos tienen que ser solucionados por los haitianos.<\/p>\n<\/p>\n<p>Hay en carpeta un viejo reclamo de las grandes potencias que de una u otra forma ha tenido que ver con el desarrollo hist\u00f3rico de Hait\u00ed: es esa frontera \u00fanica y el trasiego de los haitianos libremente hacia territorio dominicano. Un expediente sumamente peligroso y que tiene que ser rechazado.<\/p>\n<\/p>\n<p>De por si es asfixiante la carga de m\u00e1s de un mill\u00f3n de haitianos que residen en el pa\u00eds, la mayor\u00eda ilegales y sin los requisitos sanitarios para determinar si est\u00e1n libres de ser portadores de virus que puedan desatar epidemias.<\/p>\n<\/p>\n<p>Los centros de maternidad est\u00e1n llenos de parturientas haitianas. Inclusive hay inconvenientes para el servicio a las dominicanas. Los haitianos ahora le est\u00e1n dando importancia a la educaci\u00f3n de los ni\u00f1os que nacieron en el pa\u00eds, y llenan las escuelas rurales al mismo nivel que los dominicanos.<\/p>\n<\/p>\n<p>No se olvide que el haitiano nacido en el pa\u00eds de padres ilegales, es un ilegal, y no se le puede dar  el registro de nacimiento dominicano, ni la cedula, por consiguiente no tienen derecho a  votar en las elecciones.Disfrazado de crisis humanitaria, estamos en un volc\u00e1n a punto de estallar. \u00a1Ay!, se me acabo la tinta.<\/p>\n<\/p>\n<h6> 2019-11-27 22:51:22 <\/h6>\n<p><!--\n<link rel=\"stylesheet\" href=\"css\/bootstrap.min.css\">\n\n\n<ul class=\"pagination\">\n\t    \n\t\n\n<li >\n\t<a href='?page_no=419'>Previous<\/a>\n\t<\/li>\n\n\n       \n    \n\n<li><a href='?page_no=1'>1<\/a><\/li>\n\n\n\n<li><a href='?page_no=2'>2<\/a><\/li>\n\n\n\n<li><a>...<\/a><\/li>\n\n\n\n<li><a href='?page_no=418'>418<\/a><\/li>\n\n\n\n<li><a href='?page_no=419'>419<\/a><\/li>\n\n\n\n<li class='active'><a>420<\/a><\/li>\n\n\n\n<li><a href='?page_no=421'>421<\/a><\/li>\n\n\n\n<li><a href='?page_no=422'>422<\/a><\/li>\n\n\n\n<li><a>...<\/a><\/li>\n\n\n\n<li><a href='?page_no=13611'>13611<\/a><\/li>\n\n\n\n<li><a href='?page_no=13612'>13612<\/a><\/li>\n\n    \n\t\n\n<li >\n\t<a href='?page_no=421'>Next<\/a>\n\t<\/li>\n\n\n    \n\n<li><a href='?page_no=13612'>Last &rsaquo;&rsaquo;<\/a><\/li>\n\n<\/ul>\n\n\n--><br \/>\n<\/body><\/p>\n","protected":false},"excerpt":{"rendered":"<p>Diariodominicano.com Por Manuel Hern\u00e1ndez Villeta La crisis humanitaria haitiana que se teje a nivel de laboratorio de las grandes potencias, va a cambiar el panorama pol\u00edtico y social de la Rep\u00fablica Dominicana. La disociaci\u00f3n social de Hait\u00ed arrastra a nuestro pa\u00eds, y eso es peligroso. El desorden haitiano ha sido catapultado por el accionar de [&hellip;]<\/p>\n","protected":false},"author":3,"featured_media":0,"comment_status":"open","ping_status":"open","sticky":false,"template":"","format":"standard","meta":{"footnotes":""},"categories":[16],"tags":[],"class_list":["post-41049","post","type-post","status-publish","format-standard","hentry","category-opiniones"],"_links":{"self":[{"href":"https:\/\/diariodominicano.com\/index.php?rest_route=\/wp\/v2\/posts\/41049","targetHints":{"allow":["GET"]}}],"collection":[{"href":"https:\/\/diariodominicano.com\/index.php?rest_route=\/wp\/v2\/posts"}],"about":[{"href":"https:\/\/diariodominicano.com\/index.php?rest_route=\/wp\/v2\/types\/post"}],"author":[{"embeddable":true,"href":"https:\/\/diariodominicano.com\/index.php?rest_route=\/wp\/v2\/users\/3"}],"replies":[{"embeddable":true,"href":"https:\/\/diariodominicano.com\/index.php?rest_route=%2Fwp%2Fv2%2Fcomments&post=41049"}],"version-history":[{"count":0,"href":"https:\/\/diariodominicano.com\/index.php?rest_route=\/wp\/v2\/posts\/41049\/revisions"}],"wp:attachment":[{"href":"https:\/\/diariodominicano.com\/index.php?rest_route=%2Fwp%2Fv2%2Fmedia&parent=41049"}],"wp:term":[{"taxonomy":"category","embeddable":true,"href":"https:\/\/diariodominicano.com\/index.php?rest_route=%2Fwp%2Fv2%2Fcategories&post=41049"},{"taxonomy":"post_tag","embeddable":true,"href":"https:\/\/diariodominicano.com\/index.php?rest_route=%2Fwp%2Fv2%2Ftags&post=41049"}],"curies":[{"name":"wp","href":"https:\/\/api.w.org\/{rel}","templated":true}]}}