{"id":410391,"date":"2023-01-19T18:24:04","date_gmt":"2023-01-19T22:24:04","guid":{"rendered":"http:\/\/diariodominicano.com\/?p=410391"},"modified":"2023-01-19T18:24:04","modified_gmt":"2023-01-19T22:24:04","slug":"tribunal-de-santiago-impone-18-meses-de-prision-preventiva-a-imputado-por-abusos-a-adolescentes-en-un-centro-de-rehabilitacion","status":"publish","type":"post","link":"https:\/\/diariodominicano.com\/?p=410391","title":{"rendered":"Tribunal de Santiago impone 18 meses de prisi\u00f3n preventiva a imputado por abusos a adolescentes en un centro de rehabilitaci\u00f3n"},"content":{"rendered":"\n<p><\/p>\n\n\n\n<p><strong>SANTIAGO (Rep\u00fablica Dominicana).-<\/strong>&nbsp;La jueza de la Oficina Judicial de Servicios de Atenci\u00f3n Permanente acogi\u00f3 la solicitud de la Fiscal\u00eda de Santiago y orden\u00f3 18 meses de prisi\u00f3n preventiva para un hombre imputado por cometer abusos f\u00edsicos y psicol\u00f3gicos contra varios adolescentes, ingresados en un centro de rehabilitaci\u00f3n en esta ciudad.<\/p>\n\n\n\n<p>La medida de coerci\u00f3n es para Joseph Yunior Guzm\u00e1n Garc\u00eda (Yunito), de 28 a\u00f1os de edad, a quien la Fiscal\u00eda le atribuye violentar los art\u00edculos 303, 303-4, numerales 1 y 2, y 351-2 del C\u00f3digo Penal Dominicano, modificados por la Ley 24-97, por los delitos sexuales cometidos contra las v\u00edctimas menores de edad.&nbsp;<\/p>\n\n\n\n<p>La investigaci\u00f3n tambi\u00e9n determin\u00f3 que el hombre incurri\u00f3 en violaci\u00f3n al art\u00edculo 396 (letras A y B), del C\u00f3digo para la Protecci\u00f3n y los Derechos Fundamentales de Ni\u00f1os, Ni\u00f1as y Adolescentes (Ley 136-03) y, adem\u00e1s, los art\u00edculos 29, 42, 89, 92, 115, 121 y 153 de la Ley General de Salud (42-01).<\/p>\n\n\n\n<p>La jueza Estephanie Santiago Reyes, que declar\u00f3 el proceso de tramitaci\u00f3n compleja, instruy\u00f3 que el imputado cumpla la prisi\u00f3n preventiva, revisable cada tres meses, en el Centro de Correcci\u00f3n y Rehabilitaci\u00f3n El Pinito, en La Vega.<\/p>\n\n\n\n<p>La juzgadora tambi\u00e9n autoriz\u00f3 el procedimiento de anticipo de pruebas para la obtenci\u00f3n previa del testimonio de las v\u00edctimas menores de edad en condiciones que eviten su sobreexposici\u00f3n.<\/p>\n\n\n\n<p>Por este caso, el pasado 29 de diciembre, el citado tribunal impuso 18 meses de prisi\u00f3n a Lorenzo Silverio Almonte y\/o Juli\u00e1n (el Pastor), a quien se le atribuye la comisi\u00f3n de numerosos delitos en su condici\u00f3n de director del centro de rehabilitaci\u00f3n.<\/p>\n\n\n\n<p>La investigaci\u00f3n, que encabeza el Ministerio P\u00fablico con el apoyo de otras agencias como la Polic\u00eda Nacional, el Servicio Nacional de Salud y la Fiscal\u00eda de Ni\u00f1os, Ni\u00f1as y Adolescentes, se inici\u00f3 a ra\u00edz de la muerte de una persona, mayor de edad, en circunstancias que se indagan mientras se emite el informe del Instituto Nacional de Ciencias Forenses (Inacif).<\/p>\n\n\n\n<p>Tras la incursi\u00f3n del Ministerio P\u00fablico al centro de rehabilitaci\u00f3n, donde los menores de edad y otros adultos estaban en tratamiento por malas conductas y dependencia alcoh\u00f3lica, se descubri\u00f3 el estado de hacinamiento en que se encontraban al menos cinco adolescentes, con edades entre 13 y 17 a\u00f1os.&nbsp;<\/p>\n\n\n\n<p>Las v\u00edctimas eran sometidas a actos de tortura, barbarie, violaciones sexuales, abusos psicol\u00f3gicos y un deficiente suministro de alimentos. Adem\u00e1s, se les suministraban medicamentos sin prescripci\u00f3n m\u00e9dica.<\/p>\n\n\n\n<p><strong>Direcci\u00f3n de Comunicaci\u00f3n y Prensa<\/strong><\/p>\n\n\n\n<p><strong>Procuradur\u00eda General-Ministerio P\u00fablico RD<\/strong><\/p>\n\n\n\n<p><strong>Jueves, 19 de enero del 2023<\/strong><\/p>\n","protected":false},"excerpt":{"rendered":"<p>SANTIAGO (Rep\u00fablica Dominicana).-&nbsp;La jueza de la Oficina Judicial de Servicios de Atenci\u00f3n Permanente acogi\u00f3 la solicitud de la Fiscal\u00eda de Santiago y orden\u00f3 18 meses de prisi\u00f3n preventiva para un hombre imputado por cometer abusos f\u00edsicos y psicol\u00f3gicos contra varios adolescentes, ingresados en un centro de rehabilitaci\u00f3n en esta ciudad. La medida de coerci\u00f3n es [&hellip;]<\/p>\n","protected":false},"author":28,"featured_media":270667,"comment_status":"closed","ping_status":"","sticky":true,"template":"","format":"standard","meta":{"footnotes":""},"categories":[24,29,27],"tags":[],"class_list":["post-410391","post","type-post","status-publish","format-standard","has-post-thumbnail","hentry","category-justicia-y-derecho","category-policiasucesos","category-portada"],"_links":{"self":[{"href":"https:\/\/diariodominicano.com\/index.php?rest_route=\/wp\/v2\/posts\/410391","targetHints":{"allow":["GET"]}}],"collection":[{"href":"https:\/\/diariodominicano.com\/index.php?rest_route=\/wp\/v2\/posts"}],"about":[{"href":"https:\/\/diariodominicano.com\/index.php?rest_route=\/wp\/v2\/types\/post"}],"author":[{"embeddable":true,"href":"https:\/\/diariodominicano.com\/index.php?rest_route=\/wp\/v2\/users\/28"}],"replies":[{"embeddable":true,"href":"https:\/\/diariodominicano.com\/index.php?rest_route=%2Fwp%2Fv2%2Fcomments&post=410391"}],"version-history":[{"count":1,"href":"https:\/\/diariodominicano.com\/index.php?rest_route=\/wp\/v2\/posts\/410391\/revisions"}],"predecessor-version":[{"id":410392,"href":"https:\/\/diariodominicano.com\/index.php?rest_route=\/wp\/v2\/posts\/410391\/revisions\/410392"}],"wp:featuredmedia":[{"embeddable":true,"href":"https:\/\/diariodominicano.com\/index.php?rest_route=\/wp\/v2\/media\/270667"}],"wp:attachment":[{"href":"https:\/\/diariodominicano.com\/index.php?rest_route=%2Fwp%2Fv2%2Fmedia&parent=410391"}],"wp:term":[{"taxonomy":"category","embeddable":true,"href":"https:\/\/diariodominicano.com\/index.php?rest_route=%2Fwp%2Fv2%2Fcategories&post=410391"},{"taxonomy":"post_tag","embeddable":true,"href":"https:\/\/diariodominicano.com\/index.php?rest_route=%2Fwp%2Fv2%2Ftags&post=410391"}],"curies":[{"name":"wp","href":"https:\/\/api.w.org\/{rel}","templated":true}]}}