{"id":410387,"date":"2023-01-19T18:16:14","date_gmt":"2023-01-19T22:16:14","guid":{"rendered":"http:\/\/diariodominicano.com\/?p=410387"},"modified":"2023-01-19T18:18:14","modified_gmt":"2023-01-19T22:18:14","slug":"el-cuarto-tribunal-colegiado-de-santiago-condena-a-15-anos-de-prision-a-una-mujer-que-mato-a-un-hombre-para-robarle-su-vehiculo-en-licey-al-medio","status":"publish","type":"post","link":"https:\/\/diariodominicano.com\/?p=410387","title":{"rendered":"El Cuarto Tribunal Colegiado de Santiago condena a 15 a\u00f1os de prisi\u00f3n a una mujer que mat\u00f3 a un hombre para robarle su veh\u00edculo en Licey al Medio"},"content":{"rendered":"\n<p><\/p>\n\n\n\n<p><strong>SANTIAGO (Rep\u00fablica Dominicana).-<\/strong>\u00a0El Cuarto Tribunal Colegiado de este distrito judicial impuso una condena de 15 a\u00f1os de prisi\u00f3n a una mujer imputada por la Fiscal\u00eda de Santiago de matar a un hombre a cuchilladas y de robarle su veh\u00edculo y otras pertenencias en Licey al Medio.<\/p>\n\n\n\n<p><\/p>\n\n\n\n<p>La sentencia declara culpable a Lisbeth Placencia Fern\u00e1ndez (Lily), quien le ocasion\u00f3 29 heridas en distintas partes del cuerpo a Nadin Antonio Polanco, en violaci\u00f3n a los art\u00edculos 295, 304, 379 y 382 del C\u00f3digo Penal Dominicano, que le atribuyen la comisi\u00f3n de homicidio voluntario y robo con violencia en lo que se constituy\u00f3 en un crimen seguido de otro crimen.<\/p>\n\n\n\n<p>Los jueces Rub\u00e9n Rodr\u00edguez, Acassia Reyes y Deyanira M\u00e9ndez ordenaron que cumpla la pena en el Centro de Correcci\u00f3n y Rehabilitaci\u00f3n Rafey Mujeres, de Santiago.<\/p>\n\n\n\n<p>La litigante Yarily Toribio, representando en la audiencia al Ministerio P\u00fablico, subray\u00f3 que la procesada acompa\u00f1aba al hombre a bordo de un carro Hyundai Sonata, modelo Y 20, color blanco, y tras llegar a la residencia de este, sac\u00f3 el cuchillo y le produjo 29 heridas cortopunzantes.<\/p>\n\n\n\n<p>Indica el expediente que tras sustraer de la casa de Polanco varios objetos de valor, la homicida huy\u00f3 del lugar en el veh\u00edculo de la v\u00edctima, a bordo del cual colision\u00f3 con un muro en la autopista Duarte.<\/p>\n\n\n\n<p>Los hechos cometidos por Lisbeth Placencia Fern\u00e1ndez ocurrieron en la calle Los Profesores del municipio Licey al Medio.<\/p>\n\n\n\n<p><strong>Direcci\u00f3n de Comunicaci\u00f3n y Prensa<\/strong><\/p>\n\n\n\n<p><strong>Procuradur\u00eda General-Ministerio P\u00fablico RD<\/strong><\/p>\n\n\n\n<p><strong>Jueves, 19 de enero del 2023<\/strong><\/p>\n","protected":false},"excerpt":{"rendered":"<p>SANTIAGO (Rep\u00fablica Dominicana).-\u00a0El Cuarto Tribunal Colegiado de este distrito judicial impuso una condena de 15 a\u00f1os de prisi\u00f3n a una mujer imputada por la Fiscal\u00eda de Santiago de matar a un hombre a cuchilladas y de robarle su veh\u00edculo y otras pertenencias en Licey al Medio. La sentencia declara culpable a Lisbeth Placencia Fern\u00e1ndez (Lily), [&hellip;]<\/p>\n","protected":false},"author":28,"featured_media":323031,"comment_status":"closed","ping_status":"","sticky":true,"template":"","format":"standard","meta":{"footnotes":""},"categories":[24,29,27],"tags":[],"class_list":["post-410387","post","type-post","status-publish","format-standard","has-post-thumbnail","hentry","category-justicia-y-derecho","category-policiasucesos","category-portada"],"_links":{"self":[{"href":"https:\/\/diariodominicano.com\/index.php?rest_route=\/wp\/v2\/posts\/410387","targetHints":{"allow":["GET"]}}],"collection":[{"href":"https:\/\/diariodominicano.com\/index.php?rest_route=\/wp\/v2\/posts"}],"about":[{"href":"https:\/\/diariodominicano.com\/index.php?rest_route=\/wp\/v2\/types\/post"}],"author":[{"embeddable":true,"href":"https:\/\/diariodominicano.com\/index.php?rest_route=\/wp\/v2\/users\/28"}],"replies":[{"embeddable":true,"href":"https:\/\/diariodominicano.com\/index.php?rest_route=%2Fwp%2Fv2%2Fcomments&post=410387"}],"version-history":[{"count":3,"href":"https:\/\/diariodominicano.com\/index.php?rest_route=\/wp\/v2\/posts\/410387\/revisions"}],"predecessor-version":[{"id":410390,"href":"https:\/\/diariodominicano.com\/index.php?rest_route=\/wp\/v2\/posts\/410387\/revisions\/410390"}],"wp:featuredmedia":[{"embeddable":true,"href":"https:\/\/diariodominicano.com\/index.php?rest_route=\/wp\/v2\/media\/323031"}],"wp:attachment":[{"href":"https:\/\/diariodominicano.com\/index.php?rest_route=%2Fwp%2Fv2%2Fmedia&parent=410387"}],"wp:term":[{"taxonomy":"category","embeddable":true,"href":"https:\/\/diariodominicano.com\/index.php?rest_route=%2Fwp%2Fv2%2Fcategories&post=410387"},{"taxonomy":"post_tag","embeddable":true,"href":"https:\/\/diariodominicano.com\/index.php?rest_route=%2Fwp%2Fv2%2Ftags&post=410387"}],"curies":[{"name":"wp","href":"https:\/\/api.w.org\/{rel}","templated":true}]}}