{"id":41037,"date":"2019-11-28T13:25:13","date_gmt":"2019-11-28T13:25:13","guid":{"rendered":"http:\/\/diariodominicano.ddns.net\/?p=41037"},"modified":"2019-11-28T13:25:13","modified_gmt":"2019-11-28T13:25:13","slug":"luces-y-sombras-de-nuestra-educacion-superior","status":"publish","type":"post","link":"https:\/\/diariodominicano.com\/?p=41037","title":{"rendered":"LUCES Y SOMBRAS DE NUESTRA EDUCACION SUPERIOR"},"content":{"rendered":"<p><body><\/p>\n<p><strong>EN PRIMERA FILA<\/strong><\/p>\n<p><strong>LUCES Y SOMBRAS DE NUESTRA EDUCACION SUPERIOR <\/strong><\/p>\n<p><strong>Mario Rivadulla<\/strong><\/p>\n<\/p>\n<p>Un informe elaborado por la Organizaci\u00f3n de Estados Iberoamericanos para la Educaci\u00f3n, la Ciencia y la Cultura registra un incremento de un  22 por ciento de matriculaci\u00f3n en las universidades del pa\u00eds a partir del 2010 a la fecha.  El estudio es dado a conocimiento p\u00fablico bajo el nombre de \u00abDiagn\u00f3stico de la Educaci\u00f3n Superior en Iberoam\u00e9rica 2019\u00bb.  <\/p>\n<\/p>\n<p>En el mismo resalta tambi\u00e9n una creciente tendencia en los pa\u00edses iberoamericanos de aumento en la cantidad de alumnos que estudian en universidades privadas, identificando a Per\u00fa y Rep\u00fablica Dominicana como los  pa\u00edses punteros, donde se ha registrado una tasa de crecimiento de 12.2 y 6.7 puntos respectivamente.<\/p>\n<\/p>\n<p>Otro aspecto destacado, donde el pa\u00eds aparece ocupando el puesto de cabecera es en la cantidad de mujeres graduadas en educaci\u00f3n superior con un 63.88 por ciento, por encima de Cuba que computa un 62.37 y de Argentina y Panam\u00e1 que ocupan los siguientes escalones.<\/p>\n<\/p>\n<p>Ahora bien, no todos son luces en el informe.  En  la cara oscura del mismo se hace notar que existe deficiencias en la calidad de la oferta, as\u00ed como un exceso de matriculaci\u00f3n en \u00e1reas tradicionales, como las Ciencias Sociales.  En cambio, es reducida la proporci\u00f3n de estudiantes en otras de mayor requerimiento al presente,  en la medida en que la tecnolog\u00eda avanza a pasos cada vez m\u00e1s acelerados tanto en el campo de la econom\u00eda como la salud, la propia educaci\u00f3n y otros servicios b\u00e1sicos, determinando cambios sustanciales en los modelos de desarrollo as\u00ed como en los h\u00e1bitos de vida de la gente.  Tales la Ingenier\u00eda, Ciencias, carreras tecnol\u00f3gicas y Matem\u00e1ticas, donde son muchos mayores las oportunidades de obtener empleos y mejor remunerados.  <\/p>\n<\/p>\n<p>Esta una de las caracter\u00edsticas de que adolece precisamente la formaci\u00f3n profesional en nuestro pa\u00eds y que se ha hecho notar en m\u00e1s de una ocasi\u00f3n, donde existe una marcada desproporci\u00f3n entre las plazas de que dispone nuestro mercado laboral y la cantidad de egresados universitarios con un significativo faltante en la cantidad de los profesionales y t\u00e9cnicos requeridos, y por el contrario una sobresaturaci\u00f3n de graduados en carreras que no encuentran acogida aqu\u00ed, y se ven obligados a emigrar en busca de sacar provecho a sus conocimientos. <\/p>\n<\/p>\n<p>En este aspecto, somos uno de los pa\u00edses del continente con  mayor proporci\u00f3n de exportaci\u00f3n de \u00abcerebros\u00bb, perdiendo valiosos recursos humanos que se han formado en nuestras universidades, y que en no pocos casos, debido a sus m\u00e9ritos acad\u00e9micos, han sido favorecidos con becas otorgadas por el Estado para hacer maestr\u00edas y obtener doctorados, tanto en el pa\u00eds como en el extranjero.<\/p>\n<\/p>\n<p>Otro aspecto de significaci\u00f3n negativa se\u00f1ala el contraste entre la creciente proporci\u00f3n de mujeres graduadas en educaci\u00f3n superior y  la reducida que en cambio se desempe\u00f1a en la docencia, que en ninguno de los a\u00f1os que comprende el estudio alcanza el 50 por ciento.<\/p>\n<\/p>\n<p>Los resultados de este estudio que abarca la d\u00e9cada comprendida del 2010 al a\u00f1o actual fueron presentados por el doctor Otto Granados, ex Secretario de Educaci\u00f3n P\u00fablica de M\u00e9xico en coordinaci\u00f3n con los Ministerios de Educaci\u00f3n Superior, Ciencia y Tecnolog\u00eda y el de Econom\u00eda, Planificaci\u00f3n y Desarrollo del gobierno dominicano. <\/p>\n<\/p>\n<p>Este estudio traduce en cifras concretas las caracter\u00edsticas que presenta  la educaci\u00f3n superior en el pa\u00eds,  y constituye un valioso indicativo que debiera  servir de base para promover una mayor correspondencia y armon\u00eda entre las carreras universitarias, los profesionales y t\u00e9cnicos requeridos por nuestro desarrollo econ\u00f3mico y las consiguientes posibilidades de empleo que encontrar\u00e1n en nuestro mercado laboral.  Un antiguo y necesario empe\u00f1o en que hasta ahora no se ha logrado ning\u00fan resultado positivo.<\/p>\n<\/p>\n<\/p>\n<h6> 2019-11-28 13:25:13 <\/h6>\n<p><!--\n<link rel=\"stylesheet\" href=\"css\/bootstrap.min.css\">\n\n\n<ul class=\"pagination\">\n\t    \n\t\n\n<li >\n\t<a href='?page_no=418'>Previous<\/a>\n\t<\/li>\n\n\n       \n    \n\n<li><a href='?page_no=1'>1<\/a><\/li>\n\n\n\n<li><a href='?page_no=2'>2<\/a><\/li>\n\n\n\n<li><a>...<\/a><\/li>\n\n\n\n<li><a href='?page_no=417'>417<\/a><\/li>\n\n\n\n<li><a href='?page_no=418'>418<\/a><\/li>\n\n\n\n<li class='active'><a>419<\/a><\/li>\n\n\n\n<li><a href='?page_no=420'>420<\/a><\/li>\n\n\n\n<li><a href='?page_no=421'>421<\/a><\/li>\n\n\n\n<li><a>...<\/a><\/li>\n\n\n\n<li><a href='?page_no=13611'>13611<\/a><\/li>\n\n\n\n<li><a href='?page_no=13612'>13612<\/a><\/li>\n\n    \n\t\n\n<li >\n\t<a href='?page_no=420'>Next<\/a>\n\t<\/li>\n\n\n    \n\n<li><a href='?page_no=13612'>Last &rsaquo;&rsaquo;<\/a><\/li>\n\n<\/ul>\n\n\n--><br \/>\n<\/body><\/p>\n","protected":false},"excerpt":{"rendered":"<p>EN PRIMERA FILA LUCES Y SOMBRAS DE NUESTRA EDUCACION SUPERIOR Mario Rivadulla Un informe elaborado por la Organizaci\u00f3n de Estados Iberoamericanos para la Educaci\u00f3n, la Ciencia y la Cultura registra un incremento de un 22 por ciento de matriculaci\u00f3n en las universidades del pa\u00eds a partir del 2010 a la fecha. El estudio es dado [&hellip;]<\/p>\n","protected":false},"author":3,"featured_media":0,"comment_status":"open","ping_status":"open","sticky":false,"template":"","format":"standard","meta":{"footnotes":""},"categories":[16],"tags":[],"class_list":["post-41037","post","type-post","status-publish","format-standard","hentry","category-opiniones"],"_links":{"self":[{"href":"https:\/\/diariodominicano.com\/index.php?rest_route=\/wp\/v2\/posts\/41037","targetHints":{"allow":["GET"]}}],"collection":[{"href":"https:\/\/diariodominicano.com\/index.php?rest_route=\/wp\/v2\/posts"}],"about":[{"href":"https:\/\/diariodominicano.com\/index.php?rest_route=\/wp\/v2\/types\/post"}],"author":[{"embeddable":true,"href":"https:\/\/diariodominicano.com\/index.php?rest_route=\/wp\/v2\/users\/3"}],"replies":[{"embeddable":true,"href":"https:\/\/diariodominicano.com\/index.php?rest_route=%2Fwp%2Fv2%2Fcomments&post=41037"}],"version-history":[{"count":0,"href":"https:\/\/diariodominicano.com\/index.php?rest_route=\/wp\/v2\/posts\/41037\/revisions"}],"wp:attachment":[{"href":"https:\/\/diariodominicano.com\/index.php?rest_route=%2Fwp%2Fv2%2Fmedia&parent=41037"}],"wp:term":[{"taxonomy":"category","embeddable":true,"href":"https:\/\/diariodominicano.com\/index.php?rest_route=%2Fwp%2Fv2%2Fcategories&post=41037"},{"taxonomy":"post_tag","embeddable":true,"href":"https:\/\/diariodominicano.com\/index.php?rest_route=%2Fwp%2Fv2%2Ftags&post=41037"}],"curies":[{"name":"wp","href":"https:\/\/api.w.org\/{rel}","templated":true}]}}