{"id":410365,"date":"2023-01-19T08:58:52","date_gmt":"2023-01-19T12:58:52","guid":{"rendered":"http:\/\/diariodominicano.com\/?p=410365"},"modified":"2025-12-29T01:04:41","modified_gmt":"2025-12-29T05:04:41","slug":"agencias-prensa-latina-y-aps-de-argelia-firman-convenio","status":"publish","type":"post","link":"https:\/\/diariodominicano.com\/?p=410365","title":{"rendered":"Agencias Prensa Latina y APS de Argelia firman convenio"},"content":{"rendered":"\n<p>Argel, 19 ene (Prensa Latina) Las Agencias Prensa Latina y Algerie Presse Service (APS) firmaron hoy un convenio de cooperaci\u00f3n, con el objetivo de consolidar los nexos existentes y proyectar nuevas v\u00edas para difundir los sucesos de sus respectivos pa\u00edses y regiones.&nbsp;&nbsp;&nbsp;&nbsp;<\/p>\n\n\n\n<ul class=\"wp-block-list\"><li>enero 19, 2023<\/li><li>CST07:37 (GMT) -0500<\/li><\/ul>\n\n\n\n<p>El presidente de Prensa Latina, Luis Enrique Gonz\u00e1lez Acosta, y el director general de APS, Samir Gaid, se congratularon por la renovaci\u00f3n del acuerdo en momentos en los que, los desaf\u00edos de la informaci\u00f3n son m\u00e1s inquietantes ante la proliferaci\u00f3n de las llamadas fake news en el ciberespacio.<\/p>\n\n\n\n<p><img loading=\"lazy\" decoding=\"async\" src=\"https:\/\/www.prensa-latina.cu\/wp-content\/uploads\/2023\/01\/IMG_67591.jpg\" alt=\"prensa latina aps acuerdo \" width=\"720\" height=\"480\" srcset=\"https:\/\/www.prensa-latina.cu\/wp-content\/uploads\/2023\/01\/IMG_67591.jpg 720w, https:\/\/www.prensa-latina.cu\/wp-content\/uploads\/2023\/01\/IMG_67591-300x200.jpg 300w, https:\/\/www.prensa-latina.cu\/wp-content\/uploads\/2023\/01\/IMG_67591-150x100.jpg 150w\">Gonz\u00e1lez Acosta ponder\u00f3 la larga y fruct\u00edfera relaci\u00f3n que existe entre ambas agencias, y se mostr\u00f3 convencido de que adem\u00e1s de la voluntad de entendimiento y colaboraci\u00f3n, las condiciones permiten avanzar hacia metas m\u00e1s ambiciones en el intercambio de servicios, asesor\u00eda y difusi\u00f3n.<\/p>\n\n\n\n<p>En esa l\u00ednea adelant\u00f3 que Prensa Latina trabaja en la puesta en marcha en un futuro pr\u00f3ximo de un servicio en idioma \u00e1rabe, lo cual redundar\u00e1 en la colocaci\u00f3n de sus despachos en el norte de Africa y el Medio Oriente en general.<\/p>\n\n\n\n<p><img loading=\"lazy\" decoding=\"async\" src=\"https:\/\/www.prensa-latina.cu\/wp-content\/uploads\/2023\/01\/IMG_6637.jpg\" alt=\"prensa latina aps acuerdo \" width=\"633\" height=\"480\" srcset=\"https:\/\/www.prensa-latina.cu\/wp-content\/uploads\/2023\/01\/IMG_6637.jpg 633w, https:\/\/www.prensa-latina.cu\/wp-content\/uploads\/2023\/01\/IMG_6637-300x227.jpg 300w, https:\/\/www.prensa-latina.cu\/wp-content\/uploads\/2023\/01\/IMG_6637-150x114.jpg 150w\">Samir Gaid, por su parte, anunci\u00f3 que APS prepara a su vez las condiciones para lanzar un servicio en idioma espa\u00f1ol, que se a\u00f1adir\u00e1 a los actuales en \u00e1rabe, franc\u00e9s y la lengua local en sus p\u00e1ginas web, de uso nacional y regional.<\/p>\n\n\n\n<p>\u201cNosotros estamos en estos momentos en una suerte de reposicionamiento de APS, con la idea de tener un papel m\u00e1s protag\u00f3nico en la difusi\u00f3n de las noticias nacionales, internacionales y de alcance en el \u00e1rea, siempre con un perfil editorial en apego a la verdad y el equilibrio informativo\u201d, coment\u00f3 el director general de la agencia argelina.<\/p>\n\n\n\n<p><img loading=\"lazy\" decoding=\"async\" src=\"https:\/\/www.prensa-latina.cu\/wp-content\/uploads\/2023\/01\/IMG_6680.jpg\" alt=\"prensa latina aps acuerdo \" width=\"672\" height=\"480\" srcset=\"https:\/\/www.prensa-latina.cu\/wp-content\/uploads\/2023\/01\/IMG_6680.jpg 672w, https:\/\/www.prensa-latina.cu\/wp-content\/uploads\/2023\/01\/IMG_6680-300x214.jpg 300w, https:\/\/www.prensa-latina.cu\/wp-content\/uploads\/2023\/01\/IMG_6680-150x107.jpg 150w\">Tambi\u00e9n ponder\u00f3 los dominios de colaboraci\u00f3n en salud, producci\u00f3n de medicamentos, educaci\u00f3n, energ\u00eda y agricultura, junto con el tema medi\u00e1tico, que se profundizan entre Argelia y Cuba.<\/p>\n\n\n\n<p>Tanto Gaid como Gonz\u00e1lez Acosta valoraron la reciente visita a Argelia del presidente de Cuba, Miguel D\u00edaz Canel, y el esp\u00edritu de incrementar los lazos.<\/p>\n\n\n\n<p>Un recorrido por las instalaciones de APS, que abarc\u00f3 sus departamentos de comunicaciones, multimedia, redacciones, redes sociales y su museo hist\u00f3rico, sirvi\u00f3 para poner punto final a la visita de Prensa Latina.<\/p>\n\n\n\n<p>Hemos dado un nuevo paso, ahora resta implementar con creatividad y celeridad los acuerdos, que abarcan fotograf\u00eda, contenidos informativos, videos, proyectos conjuntos, entre otros asuntos, coincidieron Gonz\u00e1lez Acosta y Gaid.<\/p>\n\n\n\n<p>mem\/ft<\/p>\n","protected":false},"excerpt":{"rendered":"<p>Argel, 19 ene (Prensa Latina) Las Agencias Prensa Latina y Algerie Presse Service (APS) firmaron hoy un convenio de cooperaci\u00f3n, con el objetivo de consolidar los nexos existentes y proyectar nuevas v\u00edas para difundir los sucesos de sus respectivos pa\u00edses y regiones.&nbsp;&nbsp;&nbsp;&nbsp; enero 19, 2023 CST07:37 (GMT) -0500 El presidente de Prensa Latina, Luis Enrique [&hellip;]<\/p>\n","protected":false},"author":28,"featured_media":410366,"comment_status":"closed","ping_status":"closed","sticky":false,"template":"","format":"standard","meta":{"footnotes":""},"categories":[36,23,27],"tags":[3556],"class_list":["post-410365","post","type-post","status-publish","format-standard","has-post-thumbnail","hentry","category-hombresmujeresycosas","category-internacional","category-portada","tag-prensa-latina"],"_links":{"self":[{"href":"https:\/\/diariodominicano.com\/index.php?rest_route=\/wp\/v2\/posts\/410365","targetHints":{"allow":["GET"]}}],"collection":[{"href":"https:\/\/diariodominicano.com\/index.php?rest_route=\/wp\/v2\/posts"}],"about":[{"href":"https:\/\/diariodominicano.com\/index.php?rest_route=\/wp\/v2\/types\/post"}],"author":[{"embeddable":true,"href":"https:\/\/diariodominicano.com\/index.php?rest_route=\/wp\/v2\/users\/28"}],"replies":[{"embeddable":true,"href":"https:\/\/diariodominicano.com\/index.php?rest_route=%2Fwp%2Fv2%2Fcomments&post=410365"}],"version-history":[{"count":1,"href":"https:\/\/diariodominicano.com\/index.php?rest_route=\/wp\/v2\/posts\/410365\/revisions"}],"predecessor-version":[{"id":410367,"href":"https:\/\/diariodominicano.com\/index.php?rest_route=\/wp\/v2\/posts\/410365\/revisions\/410367"}],"wp:featuredmedia":[{"embeddable":true,"href":"https:\/\/diariodominicano.com\/index.php?rest_route=\/wp\/v2\/media\/410366"}],"wp:attachment":[{"href":"https:\/\/diariodominicano.com\/index.php?rest_route=%2Fwp%2Fv2%2Fmedia&parent=410365"}],"wp:term":[{"taxonomy":"category","embeddable":true,"href":"https:\/\/diariodominicano.com\/index.php?rest_route=%2Fwp%2Fv2%2Fcategories&post=410365"},{"taxonomy":"post_tag","embeddable":true,"href":"https:\/\/diariodominicano.com\/index.php?rest_route=%2Fwp%2Fv2%2Ftags&post=410365"}],"curies":[{"name":"wp","href":"https:\/\/api.w.org\/{rel}","templated":true}]}}