{"id":410216,"date":"2023-01-18T14:44:32","date_gmt":"2023-01-18T18:44:32","guid":{"rendered":"http:\/\/diariodominicano.com\/?p=410216"},"modified":"2023-01-18T14:44:32","modified_gmt":"2023-01-18T18:44:32","slug":"ministerio-publico-y-jueces-orientan-a-lideres-comunitarios-sobre-acceso-gratuito-a-la-justicia","status":"publish","type":"post","link":"https:\/\/diariodominicano.com\/?p=410216","title":{"rendered":"Ministerio P\u00fablico y jueces orientan a l\u00edderes comunitarios sobre acceso gratuito a la justicia"},"content":{"rendered":"\n<p><\/p>\n\n\n\n<p>SANTO DOMINGO, Rep\u00fablica Dominicana.- El Ministerio P\u00fablico, con la colaboraci\u00f3n de jueces del Poder Judicial, desarroll\u00f3 una jornada de orientaci\u00f3n y sensibilizaci\u00f3n sobre el acceso y la gratuidad de la justicia,\u00a0 dirigida a m\u00e1s de 300 l\u00edderes comunitarios que participan en el programa \u201cRed de l\u00edderes comunitarios mediadores de conflictos\u201d.<\/p>\n\n\n\n<p>\u201cComo actores del sistema tenemos que realizar algunas acciones en conjunto para dar respuesta a la sociedad sobre los problemas que crea la violencia en nuestra familia y la sociedad, y con este aporte e integraci\u00f3n de cinco jueces, capacitando simult\u00e1neamente el mismo d\u00eda, ya estamos ganando\u201d, expres\u00f3 la procuradora general de corte Sonia Espejo, sobre las charlas impartidas de manera simult\u00e1nea en los municipios Santo Domingo Norte, Santo Domingo Este, Nagua y San Francisco de Macor\u00eds.<\/p>\n\n\n\n<p>Espejo, quien lidera este programa en coordinaci\u00f3n con el Ministerio de Interior y Polic\u00eda, destac\u00f3 el impacto que produce en los participantes conocer de parte de la autoridad judicial el derecho que tienen a acceder a la justicia de manera gratuita y sobre el valor que constituyen para la sociedad las acciones institucionales y comunitarias de prevenci\u00f3n de la violencia y del delito.<\/p>\n\n\n\n<p>En el municipio de Santo Domingo Norte la actividad estuvo a cargo de la jueza Olga Guzm\u00e1n, de la Corte de Apelaci\u00f3n de Ni\u00f1os, Ni\u00f1as y Adolescentes del Departamento Judicial de San Crist\u00f3bal, quien instruy\u00f3 a unos 100 comunitarios.<\/p>\n\n\n\n<p>La magistrada Adalgisa Castillo Abreu, jueza de la Corte de Ni\u00f1os, Ni\u00f1as y Adolescentes del Distrito Nacional, disert\u00f3 para m\u00e1s de 100 l\u00edderes comunitarios de Santo Domingo Este y zonas aleda\u00f1as.<\/p>\n\n\n\n<p>En tanto que, en el municipio Nagua, m\u00e1s de 75 l\u00edderes comunitarios recibieron la orientaci\u00f3n de parte de la jueza Luz Celeste, de la Corte de Apelaci\u00f3n de Ni\u00f1os, Ni\u00f1as y Adolescentes del Departamento Judicial de San Francisco de Macor\u00eds.<\/p>\n\n\n\n<p>De su lado, en el municipio San Francisco de Macor\u00eds, los jueces Iris Duarte, de la Corte de Trabajo, y Andr\u00e9s Reynoso, de la Corte Penal, ambos de esta jurisdicci\u00f3n, tuvieron la responsabilidad de capacitar a m\u00e1s de 75 l\u00edderes de esta comunidad.<\/p>\n\n\n\n<p>Los miembros del Poder Judicial resaltaron el contenido del art\u00edculo 149 de la Constituci\u00f3n de la Rep\u00fablica Dominicana: \u00abLa justicia se administra gratuitamente, en nombre de la Rep\u00fablica, por el Poder Judicial. Este poder se ejerce por la Suprema Corte de Justicia y los dem\u00e1s tribunales creados por esta Constituci\u00f3n y por las leyes\u00bb.<\/p>\n\n\n\n<p>Precisaron que el acceso a la justicia es un principio b\u00e1sico del estado de derecho y que, sin los mecanismos que lo garanticen, las personas no pueden hacer o\u00edr su voz y ejercer sus derechos.<\/p>\n\n\n\n<p>Al concluir la jornada, los dirigentes comunitarios agradecieron la integraci\u00f3n de estos magistrados, quienes se mostraron dispuestos a colaborar con la comunidad, como medida alterna de resoluci\u00f3n de conflictos menores a trav\u00e9s de la mediaci\u00f3n, aspecto en el que se enfoca la Red de L\u00edderes Comunitarios Mediadores de Conflictos.<\/p>\n\n\n\n<p>Comunicaciones Prensa PGR<a target=\"_blank\" href=\"mailto:comunicaciones@pgr.gob.do\" rel=\"noreferrer noopener\">comunicaciones@pgr.gob.do<\/a><\/p>\n\n\n\n<p><strong>Direcci\u00f3n de Comunicaci\u00f3n y Prensa<\/strong><\/p>\n\n\n\n<p><strong>Procuradur\u00eda General-Ministerio P\u00fablico RD<\/strong><\/p>\n\n\n\n<p><strong>Mi\u00e9rcoles, 18 de enero de 2023.<\/strong><\/p>\n","protected":false},"excerpt":{"rendered":"<p>SANTO DOMINGO, Rep\u00fablica Dominicana.- El Ministerio P\u00fablico, con la colaboraci\u00f3n de jueces del Poder Judicial, desarroll\u00f3 una jornada de orientaci\u00f3n y sensibilizaci\u00f3n sobre el acceso y la gratuidad de la justicia,\u00a0 dirigida a m\u00e1s de 300 l\u00edderes comunitarios que participan en el programa \u201cRed de l\u00edderes comunitarios mediadores de conflictos\u201d. \u201cComo actores del sistema tenemos [&hellip;]<\/p>\n","protected":false},"author":28,"featured_media":0,"comment_status":"closed","ping_status":"","sticky":false,"template":"","format":"standard","meta":{"footnotes":""},"categories":[24,29],"tags":[],"class_list":["post-410216","post","type-post","status-publish","format-standard","hentry","category-justicia-y-derecho","category-policiasucesos"],"_links":{"self":[{"href":"https:\/\/diariodominicano.com\/index.php?rest_route=\/wp\/v2\/posts\/410216","targetHints":{"allow":["GET"]}}],"collection":[{"href":"https:\/\/diariodominicano.com\/index.php?rest_route=\/wp\/v2\/posts"}],"about":[{"href":"https:\/\/diariodominicano.com\/index.php?rest_route=\/wp\/v2\/types\/post"}],"author":[{"embeddable":true,"href":"https:\/\/diariodominicano.com\/index.php?rest_route=\/wp\/v2\/users\/28"}],"replies":[{"embeddable":true,"href":"https:\/\/diariodominicano.com\/index.php?rest_route=%2Fwp%2Fv2%2Fcomments&post=410216"}],"version-history":[{"count":1,"href":"https:\/\/diariodominicano.com\/index.php?rest_route=\/wp\/v2\/posts\/410216\/revisions"}],"predecessor-version":[{"id":410218,"href":"https:\/\/diariodominicano.com\/index.php?rest_route=\/wp\/v2\/posts\/410216\/revisions\/410218"}],"wp:attachment":[{"href":"https:\/\/diariodominicano.com\/index.php?rest_route=%2Fwp%2Fv2%2Fmedia&parent=410216"}],"wp:term":[{"taxonomy":"category","embeddable":true,"href":"https:\/\/diariodominicano.com\/index.php?rest_route=%2Fwp%2Fv2%2Fcategories&post=410216"},{"taxonomy":"post_tag","embeddable":true,"href":"https:\/\/diariodominicano.com\/index.php?rest_route=%2Fwp%2Fv2%2Ftags&post=410216"}],"curies":[{"name":"wp","href":"https:\/\/api.w.org\/{rel}","templated":true}]}}