{"id":410162,"date":"2023-01-18T11:26:18","date_gmt":"2023-01-18T15:26:18","guid":{"rendered":"http:\/\/diariodominicano.com\/?p=410162"},"modified":"2023-01-18T11:26:18","modified_gmt":"2023-01-18T15:26:18","slug":"pn-apresa-madre-adolescente-y-su-cunada-por-causarle-muerte-a-su-hijo-en-cienfuegos","status":"publish","type":"post","link":"https:\/\/diariodominicano.com\/?p=410162","title":{"rendered":"PN apresa madre adolescente y su cu\u00f1ada por causarle muerte a su hijo en Cienfuegos"},"content":{"rendered":"\n<p>diariodominicano.com<\/p>\n\n\n\n<p><strong>El infante falleci\u00f3 por traumas en la cabeza y posible intoxicaci\u00f3n de bebidas alcoh\u00f3licas<br><br>Santiago, R. D.,  18 de Enero del 2023.<\/strong>&#8211; \u00a0Agentes del Departamento de Homicidios, apresaron una adolescente de 16 a\u00f1os, y a su cu\u00f1ada por ser las responsables de haberle ocasionado la muerte a su hijo de 1 a\u00f1o y seis meses, en medio de una discusi\u00f3n y forcejeo, momentos en que se encontraban ingiriendo bebidas alcoh\u00f3licas, percat\u00e1ndose el t\u00edo de la adolescente que ambas estaban d\u00e1ndole de dicha bebida al infante hoy occiso origin\u00e1ndose una trifulca entre ellos.<br><br>El m\u00f3vil del hecho ocurri\u00f3 en la calle Principal del sector \u00a0Ingenio Abajo, del distrito municipal Santiago Oeste, la noche del 15 de enero de este a\u00f1o.<br><br><br>De acuerdo a las investigaciones, arroj\u00f3 que la madre adolescente, su nombre se omite por razones legales y la nombrada Lorena Tav\u00e1rez Mart\u00ednez, le dieron de tomar al ni\u00f1o fallecido vino la fuerza, por lo que se origin\u00f3 una ri\u00f1a entre ellas, recibiendo el infante un golpe contuso en la cabeza que le produjo la muerte mientras recib\u00eda atenciones m\u00e9dicas en un centro de salud anoche.<br><br>Agregan que la muerte del beb\u00e9 \u00a0a parte del golpe que presenta, presuntamente fue ocasionada por intoxicaci\u00f3n de bebidas alcoh\u00f3licas.<br><br>En cuanto el cad\u00e1ver del infante fue trasladado al Instituto Nacional de Ciencias Forenses (INACIF), para los fines procedentes.<br><br>Las detenidas ser\u00e1n puestas a disposici\u00f3n del Ministerio P\u00fablico para fines correspondientes de ley.<\/p>\n\n\n\n<p>Fuente:  <strong>OFICINA DE INFORMACI\u00d3N Y COMUNICACIONES ESTRAT\u00c9GICAS DIRECCI\u00d3N REGIONAL CIBAO CENTRAL DE LA POLIC\u00cdA NACIONAL<\/strong><\/p>\n\n\n\n<figure class=\"wp-block-table\"><table><tbody><tr><td><strong>policia nacional<\/strong><\/td><\/tr><\/tbody><\/table><\/figure>\n","protected":false},"excerpt":{"rendered":"<p>diariodominicano.com El infante falleci\u00f3 por traumas en la cabeza y posible intoxicaci\u00f3n de bebidas alcoh\u00f3licas Santiago, R. D., 18 de Enero del 2023.&#8211; \u00a0Agentes del Departamento de Homicidios, apresaron una adolescente de 16 a\u00f1os, y a su cu\u00f1ada por ser las responsables de haberle ocasionado la muerte a su hijo de 1 a\u00f1o y seis [&hellip;]<\/p>\n","protected":false},"author":5,"featured_media":410163,"comment_status":"closed","ping_status":"","sticky":true,"template":"","format":"standard","meta":{"footnotes":""},"categories":[29,27],"tags":[],"class_list":["post-410162","post","type-post","status-publish","format-standard","has-post-thumbnail","hentry","category-policiasucesos","category-portada"],"_links":{"self":[{"href":"https:\/\/diariodominicano.com\/index.php?rest_route=\/wp\/v2\/posts\/410162","targetHints":{"allow":["GET"]}}],"collection":[{"href":"https:\/\/diariodominicano.com\/index.php?rest_route=\/wp\/v2\/posts"}],"about":[{"href":"https:\/\/diariodominicano.com\/index.php?rest_route=\/wp\/v2\/types\/post"}],"author":[{"embeddable":true,"href":"https:\/\/diariodominicano.com\/index.php?rest_route=\/wp\/v2\/users\/5"}],"replies":[{"embeddable":true,"href":"https:\/\/diariodominicano.com\/index.php?rest_route=%2Fwp%2Fv2%2Fcomments&post=410162"}],"version-history":[{"count":1,"href":"https:\/\/diariodominicano.com\/index.php?rest_route=\/wp\/v2\/posts\/410162\/revisions"}],"predecessor-version":[{"id":410164,"href":"https:\/\/diariodominicano.com\/index.php?rest_route=\/wp\/v2\/posts\/410162\/revisions\/410164"}],"wp:featuredmedia":[{"embeddable":true,"href":"https:\/\/diariodominicano.com\/index.php?rest_route=\/wp\/v2\/media\/410163"}],"wp:attachment":[{"href":"https:\/\/diariodominicano.com\/index.php?rest_route=%2Fwp%2Fv2%2Fmedia&parent=410162"}],"wp:term":[{"taxonomy":"category","embeddable":true,"href":"https:\/\/diariodominicano.com\/index.php?rest_route=%2Fwp%2Fv2%2Fcategories&post=410162"},{"taxonomy":"post_tag","embeddable":true,"href":"https:\/\/diariodominicano.com\/index.php?rest_route=%2Fwp%2Fv2%2Ftags&post=410162"}],"curies":[{"name":"wp","href":"https:\/\/api.w.org\/{rel}","templated":true}]}}