{"id":41015,"date":"2019-12-01T00:54:36","date_gmt":"2019-12-01T00:54:36","guid":{"rendered":"http:\/\/diariodominicano.ddns.net\/?p=41015"},"modified":"2019-12-01T00:54:36","modified_gmt":"2019-12-01T00:54:36","slug":"columnas-de-la-dignificacion-de-la-familias-dominicanas","status":"publish","type":"post","link":"https:\/\/diariodominicano.com\/?p=41015","title":{"rendered":"Columnas de la dignificaci\u00f3n de la familias dominicanas"},"content":{"rendered":"<p><body><\/p>\n<p><strong><span class=\"text1noticias\">Por Dr. Ys\u00f3crates Andr\u00e9s Pe\u00f1a Reyes*<\/span><\/strong><\/p>\n<\/p>\n<p><span class=\"text1noticias\">Conforme a los enfoques estrat\u00e9gicos del Consejo Regional de Desarrollo, Inc. (CRD) en torno al<\/span><\/p>\n<p><span class=\"text1noticias\">desarrollo sociopol\u00edtico y socioecon\u00f3mico del pa\u00eds, nuestros tiempos reclaman a las dominicanas y<\/span><\/p>\n<p><span class=\"text1noticias\">dominicanos motorizar un cambio de visi\u00f3n y mentalidad en los liderazgos y todas nuestras instituciones,<\/span><\/p>\n<p><span class=\"text1noticias\">mediante la redefinici\u00f3n de sus roles y tareas sociales, a fin de solidificar y dar raz\u00f3n de ser a las familias,<\/span><\/p>\n<p><span class=\"text1noticias\">por \u00e9stas constituir las columnas principales que poseemos para encauzar de manera sustentable y<\/span><\/p>\n<p><span class=\"text1noticias\">fruct\u00edfera al Estado y la sociedad.<\/span><\/p>\n<p><span class=\"text1noticias\">En tan vital cometido, traza asumir en su mayor dimensi\u00f3n en cada hogar, que constituye un principio<\/span><\/p>\n<p><span class=\"text1noticias\">capital, que los valores se viven en casa, adem\u00e1s, que los mismos se transmiten a los dem\u00e1s como una<\/span><\/p>\n<p><span class=\"text1noticias\">forma natural de vida, esto es, dando ejemplo, haci\u00e9ndose de primordial importancia la acci\u00f3n de los<\/span><\/p>\n<p><span class=\"text1noticias\">padres, a fin de que los ni\u00f1os y los j\u00f3venes, reciban verdaderas lecciones de c\u00f3mo practicarlos en su<\/span><\/p>\n<p><span class=\"text1noticias\">mayor grado y expresi\u00f3n.<\/span><\/p>\n<p><span class=\"text1noticias\">Asimismo, invita a reflexionar en el sentido, de que si bien es cierto que corresponde a los padres la<\/span><\/p>\n<p><span class=\"text1noticias\">responsabilidad de formar y educar a los hijos, estos \u00faltimos no quedan exentos de las tareas que deben<\/span><\/p>\n<p><span class=\"text1noticias\">asumir en pro de una sociedad mejor, sobre todo, por depender su \u00e9xito de valores que se aprenden en<\/span><\/p>\n<p><span class=\"text1noticias\">casa y se perfeccionan a lo largo de la vida, seg\u00fan la experiencia y la intenci\u00f3n personal de mejorar.<\/span><\/p>\n<p><span class=\"text1noticias\"> <\/span><\/p>\n<p><span class=\"text1noticias\">Eje de acci\u00f3n que propone el CRD en dicho prop\u00f3sito:<\/span><\/p>\n<p><span class=\"text1noticias\"> <\/span><\/p>\n<p><span class=\"text1noticias\">Como eje principal de dicho prop\u00f3sito, llama a comprender, que el valor de las familias se reconoce y<\/span><\/p>\n<p><span class=\"text1noticias\">cuantifica cuando cada uno de sus miembros asume con responsabilidad y conciencia el papel que les<\/span><\/p>\n<p><span class=\"text1noticias\">toca desempe\u00f1ar dentro de ellas, procurando no s\u00f3lo la felicidad y el bienestar propio, sino tambi\u00e9n del<\/span><\/p>\n<p><span class=\"text1noticias\">conglomerado social del que forman parte.<\/span><\/p>\n<p><span class=\"text1noticias\">En torno a lo cual, asume como de relevante importancia, procurar erradicar dentro de los n\u00facleos<\/span><\/p>\n<p><span class=\"text1noticias\">familiares, las grav\u00edsimas repercusiones que genera la pr\u00e1ctica enfermiza del ego\u00edsmo, propulsando<\/span><\/p>\n<p><span class=\"text1noticias\">dotar a quienes las integran, de una vocaci\u00f3n de bien y amor por el pr\u00f3jimo que les reivindiquen y<\/span><\/p>\n<p><span class=\"text1noticias\">dignifiquen, y a la vez, que les permitan cumplir los cometidos sociales, que de ellos reclaman sus<\/span><\/p>\n<p><span class=\"text1noticias\">comunidades y el pa\u00eds, para enfrentar eficazmente los males que les estancan.<\/span><\/p>\n<p><span class=\"text1noticias\">Tras la conquista del ineludible \u00e9xito que se est\u00e1 obligado alcanzar, entiende que las familias deben<\/span><\/p>\n<p><span class=\"text1noticias\">soportarse en la insustituible presencia f\u00edsica, mental y espiritual de las personas en el hogar, con plena<\/span><\/p>\n<p><span class=\"text1noticias\">disponibilidad al di\u00e1logo y a la convivencia, teniendo por enlace un esfuerzo consolidado destinado a<\/span><\/p>\n<p><span class=\"text1noticias\">cultivar los valores en la persona misma, para que por su intermediaci\u00f3n se transmitan y ense\u00f1en a las<\/span><\/p>\n<p><span class=\"text1noticias\">generaciones presentes y futuras.<\/span><\/p>\n<p><span class=\"text1noticias\">Visualiza como soporte principal\u00edsimo a lo antes se\u00f1alado, lograr hacer parte permanente de nuestro<\/span><\/p>\n<p><span class=\"text1noticias\">diario vivir y de la convivencia social, los resultados positivos que muchas familias han encontrado en la<\/span><\/p>\n<p><span class=\"text1noticias\">religi\u00f3n, por medio de la pr\u00e1ctica de la piedad y del amor hacia los dem\u00e1s, como gu\u00eda para elevar su<\/span><\/p>\n<p><span class=\"text1noticias\">calidad de vida, viviendo los valores humanos de cara a Dios y en servicio de los semejantes, teniendo en<\/span><\/p>\n<p><span class=\"text1noticias\">la fe un soporte firme para formar, cuidar y proteger a todos los componentes de la sociedad a las que<\/span><\/p>\n<p><span class=\"text1noticias\">pertenecen.<\/span><\/p>\n<\/p>\n<p><span class=\"text1noticias\">Para el Consejo Regional de Desarrollo, Inc. (CRD), dentro de las directrices enmarcadas, si bien es<\/span><\/p>\n<p><span class=\"text1noticias\">cierto que conducir a las familias por una ruta de crecimiento y superaci\u00f3n, no resulta hoy en d\u00eda una<\/span><\/p>\n<p><span class=\"text1noticias\">tarea f\u00e1cil, dadas las exigencias de la vida actual, pero eso no lo hace irrealizable, imponi\u00e9ndose pues a<\/span><\/p>\n<p><span class=\"text1noticias\">los componentes de la sociedad dominicana y la mundial, dar orden y prioridad a todas sus obligaciones y<\/span><\/p>\n<p><span class=\"text1noticias\">aprender a vivir con ellas, para lograr una saludable supervivencia de los hogares y la sociedad, tras el<\/span><\/p>\n<p><span class=\"text1noticias\">establecimiento de una real paz, desarrollo y justicia social, basada en la promoci\u00f3n de una sociedad<\/span><\/p>\n<p><span class=\"text1noticias\">sustentada en los valores morales y la solidez institucional.<\/span><\/p>\n<p><span class=\"text1noticias\">El autor es:<\/span><\/p>\n<p><span class=\"text1noticias\">Dr. Ys\u00f3crates Andr\u00e9s Pe\u00f1a Reyes, Director General del Consejo Regional de Desarrollo, Inc.<\/span><\/p>\n<p><span class=\"text1noticias\">(CRD), abogado y polit\u00f3logo, Tel. 809-244-5496.- Correo: crdnordeste@yahoo.es .- San Francisco<\/span><\/p>\n<p><span class=\"text1noticias\">de Macor\u00eds.-<\/span><\/p>\n<\/p>\n<p><span class=\"text1noticias\">Por Dr. Ys\u00f3crates Andr\u00e9s Pe\u00f1a Reyes, Director General del Consejo Regional de Desarrollo, Inc.<\/span><\/p>\n<\/p>\n<p><span class=\"text1noticias\">(CRD).<\/span><\/p>\n<\/p>\n<\/p>\n<h6> 2019-12-01 00:54:36 <\/h6>\n<p><!--\n<link rel=\"stylesheet\" href=\"css\/bootstrap.min.css\">\n\n\n<ul class=\"pagination\">\n\t    \n\t\n\n<li >\n\t<a href='?page_no=416'>Previous<\/a>\n\t<\/li>\n\n\n       \n    \n\n<li><a href='?page_no=1'>1<\/a><\/li>\n\n\n\n<li><a href='?page_no=2'>2<\/a><\/li>\n\n\n\n<li><a>...<\/a><\/li>\n\n\n\n<li><a href='?page_no=415'>415<\/a><\/li>\n\n\n\n<li><a href='?page_no=416'>416<\/a><\/li>\n\n\n\n<li class='active'><a>417<\/a><\/li>\n\n\n\n<li><a href='?page_no=418'>418<\/a><\/li>\n\n\n\n<li><a href='?page_no=419'>419<\/a><\/li>\n\n\n\n<li><a>...<\/a><\/li>\n\n\n\n<li><a href='?page_no=13611'>13611<\/a><\/li>\n\n\n\n<li><a href='?page_no=13612'>13612<\/a><\/li>\n\n    \n\t\n\n<li >\n\t<a href='?page_no=418'>Next<\/a>\n\t<\/li>\n\n\n    \n\n<li><a href='?page_no=13612'>Last &rsaquo;&rsaquo;<\/a><\/li>\n\n<\/ul>\n\n\n--><br \/>\n<\/body><\/p>\n","protected":false},"excerpt":{"rendered":"<p>Por Dr. Ys\u00f3crates Andr\u00e9s Pe\u00f1a Reyes* Conforme a los enfoques estrat\u00e9gicos del Consejo Regional de Desarrollo, Inc. (CRD) en torno al desarrollo sociopol\u00edtico y socioecon\u00f3mico del pa\u00eds, nuestros tiempos reclaman a las dominicanas y dominicanos motorizar un cambio de visi\u00f3n y mentalidad en los liderazgos y todas nuestras instituciones, mediante la redefinici\u00f3n de sus roles [&hellip;]<\/p>\n","protected":false},"author":3,"featured_media":0,"comment_status":"open","ping_status":"open","sticky":false,"template":"","format":"standard","meta":{"footnotes":""},"categories":[16],"tags":[],"class_list":["post-41015","post","type-post","status-publish","format-standard","hentry","category-opiniones"],"_links":{"self":[{"href":"https:\/\/diariodominicano.com\/index.php?rest_route=\/wp\/v2\/posts\/41015","targetHints":{"allow":["GET"]}}],"collection":[{"href":"https:\/\/diariodominicano.com\/index.php?rest_route=\/wp\/v2\/posts"}],"about":[{"href":"https:\/\/diariodominicano.com\/index.php?rest_route=\/wp\/v2\/types\/post"}],"author":[{"embeddable":true,"href":"https:\/\/diariodominicano.com\/index.php?rest_route=\/wp\/v2\/users\/3"}],"replies":[{"embeddable":true,"href":"https:\/\/diariodominicano.com\/index.php?rest_route=%2Fwp%2Fv2%2Fcomments&post=41015"}],"version-history":[{"count":0,"href":"https:\/\/diariodominicano.com\/index.php?rest_route=\/wp\/v2\/posts\/41015\/revisions"}],"wp:attachment":[{"href":"https:\/\/diariodominicano.com\/index.php?rest_route=%2Fwp%2Fv2%2Fmedia&parent=41015"}],"wp:term":[{"taxonomy":"category","embeddable":true,"href":"https:\/\/diariodominicano.com\/index.php?rest_route=%2Fwp%2Fv2%2Fcategories&post=41015"},{"taxonomy":"post_tag","embeddable":true,"href":"https:\/\/diariodominicano.com\/index.php?rest_route=%2Fwp%2Fv2%2Ftags&post=41015"}],"curies":[{"name":"wp","href":"https:\/\/api.w.org\/{rel}","templated":true}]}}