{"id":410133,"date":"2023-01-18T09:18:59","date_gmt":"2023-01-18T13:18:59","guid":{"rendered":"http:\/\/diariodominicano.com\/?p=410133"},"modified":"2023-01-18T09:45:06","modified_gmt":"2023-01-18T13:45:06","slug":"denuncian-desaparicion-de-joven-de-21-anos","status":"publish","type":"post","link":"https:\/\/diariodominicano.com\/?p=410133","title":{"rendered":"Denuncian desaparici\u00f3n de joven de 21 a\u00f1os"},"content":{"rendered":"\n<p> Mar\u00eda del Carmen Samboy Guzm\u00e1n <\/p>\n\n\n\n<p>Familiares de la joven madre, Mar\u00eda del Carmen Samboy Guzm\u00e1n, denunciaron su desaparici\u00f3n desde el pasado 1 de enero del presente a\u00f1o.&nbsp;<\/p>\n\n\n\n<p>De acuerdo a su madre, Valentina Guzm\u00e1n Guzm\u00e1n, Mar\u00eda sali\u00f3 de su residencia de la comunidad de Piedra Blanco de Haina con rumbo desconocido, vestida de negro.&nbsp;<\/p>\n\n\n\n<p>Mar\u00eda del Carmen Samboy Guzm\u00e1n, de 21 a\u00f1os de edad, tiene un ni\u00f1o. No padece ning\u00fan tipo de problemas mentales y fue vista por \u00faltima vez en su vivienda.&nbsp;<\/p>\n\n\n\n<p>\u201cNosotros nos encontramos desconsolados desde que no sabemos de ella, al igual que su ni\u00f1o y su pareja, por lo que hacemos un llamado a todos los ciudadanos que si la ven por ah\u00ed o saben&nbsp;&nbsp;algo de ella, que se&nbsp;&nbsp;comuniquen con nosotros\u201d, dijo la madre.&nbsp;<\/p>\n\n\n\n<p>Para cualquier informaci\u00f3n sus familiares piden llamar a los tel\u00e9fonos\u00a0\u00a0\u00a0\u00a0\u00a0\u00a0\u00a0\u00a0\u00a0\u00a0\u00a0\u00a0\u00a0\u00a0\u00a0\u00a0\u00a0\u00a0849-655-2967 y 829-379-4475.\u00a0<\/p>\n\n\n\n<p>Miguel Montez<a target=\"_blank\" href=\"mailto:miguelmontesf@hotmail.com\" rel=\"noreferrer noopener\">miguelmontesf@hotmail.com<\/a><\/p>\n\n\n\n<p><strong>Mi\u00e9rcoles 18 enero 2023&nbsp;<\/strong><\/p>\n","protected":false},"excerpt":{"rendered":"<p>Mar\u00eda del Carmen Samboy Guzm\u00e1n Familiares de la joven madre, Mar\u00eda del Carmen Samboy Guzm\u00e1n, denunciaron su desaparici\u00f3n desde el pasado 1 de enero del presente a\u00f1o.&nbsp; De acuerdo a su madre, Valentina Guzm\u00e1n Guzm\u00e1n, Mar\u00eda sali\u00f3 de su residencia de la comunidad de Piedra Blanco de Haina con rumbo desconocido, vestida de negro.&nbsp; Mar\u00eda [&hellip;]<\/p>\n","protected":false},"author":28,"featured_media":410135,"comment_status":"closed","ping_status":"","sticky":true,"template":"","format":"standard","meta":{"footnotes":""},"categories":[20,29,27],"tags":[],"class_list":["post-410133","post","type-post","status-publish","format-standard","has-post-thumbnail","hentry","category-dominicana-hoy","category-policiasucesos","category-portada"],"_links":{"self":[{"href":"https:\/\/diariodominicano.com\/index.php?rest_route=\/wp\/v2\/posts\/410133","targetHints":{"allow":["GET"]}}],"collection":[{"href":"https:\/\/diariodominicano.com\/index.php?rest_route=\/wp\/v2\/posts"}],"about":[{"href":"https:\/\/diariodominicano.com\/index.php?rest_route=\/wp\/v2\/types\/post"}],"author":[{"embeddable":true,"href":"https:\/\/diariodominicano.com\/index.php?rest_route=\/wp\/v2\/users\/28"}],"replies":[{"embeddable":true,"href":"https:\/\/diariodominicano.com\/index.php?rest_route=%2Fwp%2Fv2%2Fcomments&post=410133"}],"version-history":[{"count":3,"href":"https:\/\/diariodominicano.com\/index.php?rest_route=\/wp\/v2\/posts\/410133\/revisions"}],"predecessor-version":[{"id":410149,"href":"https:\/\/diariodominicano.com\/index.php?rest_route=\/wp\/v2\/posts\/410133\/revisions\/410149"}],"wp:featuredmedia":[{"embeddable":true,"href":"https:\/\/diariodominicano.com\/index.php?rest_route=\/wp\/v2\/media\/410135"}],"wp:attachment":[{"href":"https:\/\/diariodominicano.com\/index.php?rest_route=%2Fwp%2Fv2%2Fmedia&parent=410133"}],"wp:term":[{"taxonomy":"category","embeddable":true,"href":"https:\/\/diariodominicano.com\/index.php?rest_route=%2Fwp%2Fv2%2Fcategories&post=410133"},{"taxonomy":"post_tag","embeddable":true,"href":"https:\/\/diariodominicano.com\/index.php?rest_route=%2Fwp%2Fv2%2Ftags&post=410133"}],"curies":[{"name":"wp","href":"https:\/\/api.w.org\/{rel}","templated":true}]}}