{"id":409913,"date":"2023-01-17T08:46:52","date_gmt":"2023-01-17T12:46:52","guid":{"rendered":"http:\/\/diariodominicano.com\/?p=409913"},"modified":"2023-01-17T08:46:52","modified_gmt":"2023-01-17T12:46:52","slug":"policia-nacional-reporta-recupero-vehiculo-y-apresa-una-persona-por-posesion-de-droga","status":"publish","type":"post","link":"https:\/\/diariodominicano.com\/?p=409913","title":{"rendered":"Polic\u00eda Nacional reporta recuper\u00f3\u00a0veh\u00edculo y apresa una persona por posesi\u00f3n de droga"},"content":{"rendered":"\n<p><\/p>\n\n\n\n<p><strong>Santiago de los Caballeros, R.D. 16 de Enero del 2023.-<\/strong>Agentes de la Divisi\u00f3n de\u00a0Veh\u00edculos Robados recuperaron un carro\u00a0\u00a0que hab\u00eda sido reportado como sustra\u00eddo a su propietario y fue apresado un joven\u00a0\u00a0por miembros de la\u00a0\u00a0Polic\u00eda Preventiva por posesi\u00f3n de sustancias il\u00edcitas en Santiago, inform\u00f3 la Direcci\u00f3n Regional Cibao Central, Polic\u00eda Nacional.<\/p>\n\n\n\n<p>El veh\u00edculo recuperado es el carro marca Honda, modelo Civic, color azul, placa PP359509, chasis 19XFCFF57EE091463, el mismo al ser depurado en nuestro sistema figura con denuncia de fecha 13-01-2023, sustra\u00eddo por abuso de confianza.<\/p>\n\n\n\n<p>El carro estaba en poder del se\u00f1or&nbsp;&nbsp;Guillermo Antonio Mayor,&nbsp;quien al ser entrevistado verbalmente manifest\u00f3 que el mismo se lo entreg\u00f3 una persona en proceso de identificaci\u00f3n, en la avenida Circunvalaci\u00f3n pr\u00f3ximo a la Universidad Tecnol\u00f3gica de Santiago, quien seg\u00fan alega nunca lo hab\u00eda visto.<\/p>\n\n\n\n<p>Por posesi\u00f3n de droga fue detenido&nbsp;&nbsp;<a>Jose Jovany De Le<\/a>\u00f3n Mendez, alias El Chulo de 34 a\u00f1os de edad, a quien se le ocup\u00f3 cuatro&nbsp;&nbsp;porciones&nbsp;de un vegetal desconocido presumiblemente&nbsp;marihuana, dos de un material rocoso que se presume es&nbsp;crack, dos&nbsp;celulares, dos&nbsp;tijeras, un radio de comunicaci\u00f3n, una&nbsp;balanza&nbsp;y la suma de&nbsp;$190.00.<\/p>\n\n\n\n<p>En cuanto al veh\u00edculo recuperado y el detenido junto a lo ocupado, se encuentran en los departamentos correspondientes para los fines procedentes de ley.<\/p>\n\n\n\n<figure class=\"wp-block-image\"><img decoding=\"async\" src=\"https:\/\/mail.google.com\/mail\/u\/1?ui=2&amp;ik=e6c115171d&amp;attid=0.1&amp;permmsgid=msg-f:1755200028526960980&amp;th=185bb920621ae154&amp;view=fimg&amp;fur=ip&amp;sz=s0-l75-ft&amp;attbid=ANGjdJ-N3fRoOwVBFBna7s6ZWk6wcTjktc9ld_O9cM7a3e37O2ipwHXuoh8hEpM6we7_eJNiEsldnnc5asTvl4Ze1PIjBxed3LY1wf4Q-AbPntmrJnRopz2_5G1K6To&amp;disp=emb&amp;realattid=ii_lcz27jnp0\" alt=\"image.png\"\/><\/figure>\n\n\n\n<p><strong>OFICINA DE INFORMACI\u00d3N Y COMUNICACIONES ESTRAT\u00c9GICAS DIRECCI\u00d3N REGIONAL CIBAO CENTRAL DE LA POLIC\u00cdA NACIONAL.<\/strong><\/p>\n","protected":false},"excerpt":{"rendered":"<p>Santiago de los Caballeros, R.D. 16 de Enero del 2023.-Agentes de la Divisi\u00f3n de\u00a0Veh\u00edculos Robados recuperaron un carro\u00a0\u00a0que hab\u00eda sido reportado como sustra\u00eddo a su propietario y fue apresado un joven\u00a0\u00a0por miembros de la\u00a0\u00a0Polic\u00eda Preventiva por posesi\u00f3n de sustancias il\u00edcitas en Santiago, inform\u00f3 la Direcci\u00f3n Regional Cibao Central, Polic\u00eda Nacional. El veh\u00edculo recuperado es el [&hellip;]<\/p>\n","protected":false},"author":28,"featured_media":409915,"comment_status":"closed","ping_status":"","sticky":true,"template":"","format":"standard","meta":{"footnotes":""},"categories":[29,27],"tags":[],"class_list":["post-409913","post","type-post","status-publish","format-standard","has-post-thumbnail","hentry","category-policiasucesos","category-portada"],"_links":{"self":[{"href":"https:\/\/diariodominicano.com\/index.php?rest_route=\/wp\/v2\/posts\/409913","targetHints":{"allow":["GET"]}}],"collection":[{"href":"https:\/\/diariodominicano.com\/index.php?rest_route=\/wp\/v2\/posts"}],"about":[{"href":"https:\/\/diariodominicano.com\/index.php?rest_route=\/wp\/v2\/types\/post"}],"author":[{"embeddable":true,"href":"https:\/\/diariodominicano.com\/index.php?rest_route=\/wp\/v2\/users\/28"}],"replies":[{"embeddable":true,"href":"https:\/\/diariodominicano.com\/index.php?rest_route=%2Fwp%2Fv2%2Fcomments&post=409913"}],"version-history":[{"count":1,"href":"https:\/\/diariodominicano.com\/index.php?rest_route=\/wp\/v2\/posts\/409913\/revisions"}],"predecessor-version":[{"id":409916,"href":"https:\/\/diariodominicano.com\/index.php?rest_route=\/wp\/v2\/posts\/409913\/revisions\/409916"}],"wp:featuredmedia":[{"embeddable":true,"href":"https:\/\/diariodominicano.com\/index.php?rest_route=\/wp\/v2\/media\/409915"}],"wp:attachment":[{"href":"https:\/\/diariodominicano.com\/index.php?rest_route=%2Fwp%2Fv2%2Fmedia&parent=409913"}],"wp:term":[{"taxonomy":"category","embeddable":true,"href":"https:\/\/diariodominicano.com\/index.php?rest_route=%2Fwp%2Fv2%2Fcategories&post=409913"},{"taxonomy":"post_tag","embeddable":true,"href":"https:\/\/diariodominicano.com\/index.php?rest_route=%2Fwp%2Fv2%2Ftags&post=409913"}],"curies":[{"name":"wp","href":"https:\/\/api.w.org\/{rel}","templated":true}]}}