{"id":40982,"date":"2019-12-02T00:45:01","date_gmt":"2019-12-02T00:45:01","guid":{"rendered":"http:\/\/diariodominicano.ddns.net\/?p=40982"},"modified":"2019-12-02T00:45:01","modified_gmt":"2019-12-02T00:45:01","slug":"dejenlo-hablar","status":"publish","type":"post","link":"https:\/\/diariodominicano.com\/?p=40982","title":{"rendered":"\u00a1D\u00c9JENLO HABLAR!"},"content":{"rendered":"<p><body><\/p>\n<p><strong>FRANKLIN ALMEYDA RANCIER<\/strong><\/p>\n<\/p>\n<p>Desde los litorales de la c\u00fapula del Partido de gobierno se siente mucho estr\u00e9s. Las voces que se escuchan agreden y denotan frustraci\u00f3n. Es como si quisieran justificar un da\u00f1o que han hecho, pero buscando hacer a otros responsables.<\/p>\n<\/p>\n<p>En esa c\u00fapula partidaria hubo genuflexi\u00f3n ante el Presidente Medina y lo dejaron hacer lo que \u00e9l quiso; no lo contrariaron y se les sumaron. Todo porque sobrevaloraron su fortaleza, creyendo que el poder reside en los muros del Palacio Nacional.<\/p>\n<\/p>\n<p>El Presidente Medina arrastr\u00f3 a esa c\u00fapula partidaria, porque creyendo en sus propias palabras, cuando dijo que perdi\u00f3 frente a Leonel la candidatura presidencial para el 2008 porque \u00abel Estado lo venci\u00f3\u00bb. Ahora ha demostrado creer que \u00e9l dirigiendo el Estado puede vencer a Leonel.<\/p>\n<\/p>\n<p>Ni el Estado lo venci\u00f3 entonces, ni \u00e9l con el control del Estado ahora va a vencer a Leonel. Lo que ha provocado, con su empecinado comportamiento, es un contexto pol\u00edtico que ha llevado al fracaso al PLD y su gobierno.<\/p>\n<\/p>\n<p>Desde que el Presidente Medina empez\u00f3 a gobernar, en el 2012, di\u00f3 una clara se\u00f1al al decir que hab\u00eda encontrado un malet\u00edn lleno de facturas con deudas. Recordemos que para esa fecha Tem\u00edstocles  Mont\u00e1s, tambi\u00e9n, acus\u00f3 a Leonel de un fraude fiscal. Ambos planteamientos no fueron casuales, sino acordados. Al pasar el tiempo se ha visto la intenci\u00f3n de da\u00f1ar.<\/p>\n<\/p>\n<p>Han pretendido da\u00f1ar a Leonel, pero ese da\u00f1o se lo han hecho al PLD; tan fuerte ha sido que est\u00e1n destruyendo la organizaci\u00f3n pol\u00edtica de gobierno. En cambio, han provocado que a Leonel, y los que le acompa\u00f1amos, se nos  libere de responsabilidades por los desafueros que cometen desde el poder.<\/p>\n<\/p>\n<p>Leonel se ha situado en el liderazgo de la oposici\u00f3n, como resultado del firme rechazo a esos desafueros. Su perfil de Estado e hist\u00f3rico ha crecido a la vista de amplios sectores organizados y de la poblaci\u00f3n. De ser Presidente del Partido gobernante, responsable inevitable de lo que el otro ven\u00eda haciendo, ha pasado a ser el l\u00edder para enfrentarlo desde la oposici\u00f3n.<\/p>\n<\/p>\n<p>A\u00fan m\u00e1s, Leonel es el favorito como candidato presidencial para derrotar al partido oficiale que hasta hace poco presidi\u00f3. Tiene como su competidor el candidato del PRM, partido \u00e9ste que no lograba mostrar una oposici\u00f3n convincente frente al Presidente Medina.<\/p>\n<\/p>\n<p>Leonel renuncia el 20 de octubre, y con \u00e9l un grupo de nosotros, por lo que a la fecha de este art\u00edculo han transcurrido un mes y 13 d\u00edas. En ese tiempo Leonel ha demostrado el fraude en las primarias, ha unificado la oposici\u00f3n, ha sido proclamado candidato presidencial y, ante el inter\u00e9s desde el Palacio para inhabilitarlo, el TSE ha fallado a su favor y la JCE ha inscrito su candidatura, apoyada por varios partidos. Actualmente avanza en la construcci\u00f3n del Partido Fuerza del Pueblo.<\/p>\n<\/p>\n<p>En la c\u00fapula del PLD se ven demostraciones de irritaci\u00f3n, frustraci\u00f3n y dedos que se\u00f1alando buscan responsables. Ninguno se atrevi\u00f3 a contrariar al Presidente Medina. El desenlace que habr\u00e1 de producirse no tarda. Se est\u00e1n viendo fuera del poder. Reciben rechazos de muchas formas diferentes, propios del que est\u00e1 en una pendiente enjabonada.<\/p>\n<\/p>\n<p>Han puesto a unos pocos dirigentes a hablar, sin autoridad pol\u00edtica ni legitimidad. Es oportuno que lo hagan, por ser su derecho y porque se incriminan.<\/p>\n<\/p>\n<p><strong>El autor fue miembro del CP del PLD, ex Ministro de Interior y ex Rector de la UASD.<\/strong><\/p>\n<\/p>\n<\/p>\n<\/p>\n<\/p>\n<h6> 2019-12-02 00:45:01 <\/h6>\n<p><!--\n<link rel=\"stylesheet\" href=\"css\/bootstrap.min.css\">\n\n\n<ul class=\"pagination\">\n\t    \n\t\n\n<li >\n\t<a href='?page_no=413'>Previous<\/a>\n\t<\/li>\n\n\n       \n    \n\n<li><a href='?page_no=1'>1<\/a><\/li>\n\n\n\n<li><a href='?page_no=2'>2<\/a><\/li>\n\n\n\n<li><a>...<\/a><\/li>\n\n\n\n<li><a href='?page_no=412'>412<\/a><\/li>\n\n\n\n<li><a href='?page_no=413'>413<\/a><\/li>\n\n\n\n<li class='active'><a>414<\/a><\/li>\n\n\n\n<li><a href='?page_no=415'>415<\/a><\/li>\n\n\n\n<li><a href='?page_no=416'>416<\/a><\/li>\n\n\n\n<li><a>...<\/a><\/li>\n\n\n\n<li><a href='?page_no=13611'>13611<\/a><\/li>\n\n\n\n<li><a href='?page_no=13612'>13612<\/a><\/li>\n\n    \n\t\n\n<li >\n\t<a href='?page_no=415'>Next<\/a>\n\t<\/li>\n\n\n    \n\n<li><a href='?page_no=13612'>Last &rsaquo;&rsaquo;<\/a><\/li>\n\n<\/ul>\n\n\n--><br \/>\n<\/body><\/p>\n","protected":false},"excerpt":{"rendered":"<p>FRANKLIN ALMEYDA RANCIER Desde los litorales de la c\u00fapula del Partido de gobierno se siente mucho estr\u00e9s. Las voces que se escuchan agreden y denotan frustraci\u00f3n. Es como si quisieran justificar un da\u00f1o que han hecho, pero buscando hacer a otros responsables. En esa c\u00fapula partidaria hubo genuflexi\u00f3n ante el Presidente Medina y lo dejaron [&hellip;]<\/p>\n","protected":false},"author":3,"featured_media":0,"comment_status":"open","ping_status":"open","sticky":false,"template":"","format":"standard","meta":{"footnotes":""},"categories":[16],"tags":[],"class_list":["post-40982","post","type-post","status-publish","format-standard","hentry","category-opiniones"],"_links":{"self":[{"href":"https:\/\/diariodominicano.com\/index.php?rest_route=\/wp\/v2\/posts\/40982","targetHints":{"allow":["GET"]}}],"collection":[{"href":"https:\/\/diariodominicano.com\/index.php?rest_route=\/wp\/v2\/posts"}],"about":[{"href":"https:\/\/diariodominicano.com\/index.php?rest_route=\/wp\/v2\/types\/post"}],"author":[{"embeddable":true,"href":"https:\/\/diariodominicano.com\/index.php?rest_route=\/wp\/v2\/users\/3"}],"replies":[{"embeddable":true,"href":"https:\/\/diariodominicano.com\/index.php?rest_route=%2Fwp%2Fv2%2Fcomments&post=40982"}],"version-history":[{"count":0,"href":"https:\/\/diariodominicano.com\/index.php?rest_route=\/wp\/v2\/posts\/40982\/revisions"}],"wp:attachment":[{"href":"https:\/\/diariodominicano.com\/index.php?rest_route=%2Fwp%2Fv2%2Fmedia&parent=40982"}],"wp:term":[{"taxonomy":"category","embeddable":true,"href":"https:\/\/diariodominicano.com\/index.php?rest_route=%2Fwp%2Fv2%2Fcategories&post=40982"},{"taxonomy":"post_tag","embeddable":true,"href":"https:\/\/diariodominicano.com\/index.php?rest_route=%2Fwp%2Fv2%2Ftags&post=40982"}],"curies":[{"name":"wp","href":"https:\/\/api.w.org\/{rel}","templated":true}]}}