{"id":40971,"date":"2019-12-02T22:48:44","date_gmt":"2019-12-02T22:48:44","guid":{"rendered":"http:\/\/diariodominicano.ddns.net\/?p=40971"},"modified":"2019-12-02T22:48:44","modified_gmt":"2019-12-02T22:48:44","slug":"a-pleno-solel-cambio-climatico","status":"publish","type":"post","link":"https:\/\/diariodominicano.com\/?p=40971","title":{"rendered":"&#13;&#13;A Pleno Sol&#13;&#13;El cambio clim\u00e1tico&#13;"},"content":{"rendered":"<p><body><\/p>\n<\/p>\n<p>A Pleno Sol<\/p>\n<\/p>\n<p>El cambio clim\u00e1tico<\/p>\n<\/p>\n<p>Por Manuel Hern\u00e1ndez Villeta<\/p>\n<\/p>\n<\/p>\n<p>Los dominicanos vivimos de espaldas a la realidad de la crisis del medio ambiente y el cambio clim\u00e1tico. El planeta est\u00e1 dando pasos hacia el colapso. Hay que proteger los recursos naturales. Este es un tema fundamental en los pa\u00edses sub-desarrollados, pero de poca importancia en las naciones del tercer mundo.<\/p>\n<\/p>\n<p>La mayor contaminaci\u00f3n proviene de los grandes pa\u00edses. Ellos llevan tecnolog\u00eda de punta a las naciones pobres, y ese factor en la mayor parte de las ocasiones, es el responsable de la destrucci\u00f3n del medio ambiente.<\/p>\n<\/p>\n<p>Dentro de nuestras limitaciones culturales y t\u00e9cnicas, hay que luchar para preservar el medio ambiente. El primer paso puede ser enfrentando  la contaminaci\u00f3n en las grandes ciudades. El Distrito Nacional  y todo el gran Santo Domingo es un nido de muertes.<\/p>\n<p>Miles de automotores transitan sin llenar las m\u00ednimas medidas   de control. La revista de veh\u00edculos no pasa de ser una simple contribuci\u00f3n fiscal. Hay que sacar de circulaci\u00f3n a veh\u00edculos con el tubo de escape  da\u00f1ado, adem\u00e1s de sus tradicionales fallas mec\u00e1nicas.<\/p>\n<\/p>\n<p>La gran cantidad de pl\u00e1sticos que se depositan en las calles, en las cunetas, y fuera de los zafacones est\u00e1 comenzando a matar a la ciudad. La red de alcantarillado est\u00e1 casi totalmente tapada, y con el menor de los aguaceros, por m\u00e1s leve que sea, la mayor parte del pa\u00eds se inunda.<\/p>\n<\/p>\n<p>Es f\u00e1cil ver a las ca\u00f1adas, por donde ahora circula un hilito de agua, mientras centenares de botellas y pl\u00e1sticos en general  circulan hacia la cuenca de los r\u00edos. Nadie le da importancia a esto. Los organismos que tienen que ver con el medio ambiente, apenas si pueden mantener su burocracia.<\/p>\n<\/p>\n<p>Hay que enfrentar con todo el poder de la ley, a la deforestaci\u00f3n. Inescrupulosos cortan \u00e1rboles para elaborar madera, para procesar carb\u00f3n o para cualquier otra cosa. Aqu\u00ed las autoridades llevan a cabo cierto control, pero no hay educaci\u00f3n ciudadana.<\/p>\n<\/p>\n<p>Hay que proteger a los \u00e1rboles, y continuar sembr\u00e1ndolos a lo largo de todo el territorio nacional, y muy en especial en las \u00e1reas de descanso de las avenidas. Los parques verdes tienen que ser protegidos. Son el pulm\u00f3n de la ciudad.<\/p>\n<\/p>\n<p>Por suerte que en la familia dominicana entra de lleno el utilizar  el gas propano al momento de producir fuego para cocer los alimentos. En muy pocas casas se auxilian  del carb\u00f3n vegetal, lo que podr\u00eda llevar a que menos arboles sean cortados para quemarlos.<\/p>\n<\/p>\n<p>Sin ninguna pausa hay que llevar a cabo una gran labor educativa  en torno a la protecci\u00f3n del medio ambiente. Tienen que estar presentes en esa cruzada  los empresarios, las autoridades, las escuelas y sobre todo, el hogar. A los ni\u00f1os hay que ense\u00f1arlos a respetar el medio ambiente. Si no protegemos a la madre naturaleza, moriremos. \u00a1Ay!, se me acabo la tinta.<\/p>\n<\/p>\n<\/p>\n<h6> 2019-12-02 22:48:44 <\/h6>\n<p><!--\n<link rel=\"stylesheet\" href=\"css\/bootstrap.min.css\">\n\n\n<ul class=\"pagination\">\n\t    \n\t\n\n<li >\n\t<a href='?page_no=412'>Previous<\/a>\n\t<\/li>\n\n\n       \n    \n\n<li><a href='?page_no=1'>1<\/a><\/li>\n\n\n\n<li><a href='?page_no=2'>2<\/a><\/li>\n\n\n\n<li><a>...<\/a><\/li>\n\n\n\n<li><a href='?page_no=411'>411<\/a><\/li>\n\n\n\n<li><a href='?page_no=412'>412<\/a><\/li>\n\n\n\n<li class='active'><a>413<\/a><\/li>\n\n\n\n<li><a href='?page_no=414'>414<\/a><\/li>\n\n\n\n<li><a href='?page_no=415'>415<\/a><\/li>\n\n\n\n<li><a>...<\/a><\/li>\n\n\n\n<li><a href='?page_no=13611'>13611<\/a><\/li>\n\n\n\n<li><a href='?page_no=13612'>13612<\/a><\/li>\n\n    \n\t\n\n<li >\n\t<a href='?page_no=414'>Next<\/a>\n\t<\/li>\n\n\n    \n\n<li><a href='?page_no=13612'>Last &rsaquo;&rsaquo;<\/a><\/li>\n\n<\/ul>\n\n\n--><br \/>\n<\/body><\/p>\n","protected":false},"excerpt":{"rendered":"<p>A Pleno Sol El cambio clim\u00e1tico Por Manuel Hern\u00e1ndez Villeta Los dominicanos vivimos de espaldas a la realidad de la crisis del medio ambiente y el cambio clim\u00e1tico. El planeta est\u00e1 dando pasos hacia el colapso. Hay que proteger los recursos naturales. Este es un tema fundamental en los pa\u00edses sub-desarrollados, pero de poca importancia [&hellip;]<\/p>\n","protected":false},"author":3,"featured_media":0,"comment_status":"open","ping_status":"open","sticky":false,"template":"","format":"standard","meta":{"footnotes":""},"categories":[16],"tags":[],"class_list":["post-40971","post","type-post","status-publish","format-standard","hentry","category-opiniones"],"_links":{"self":[{"href":"https:\/\/diariodominicano.com\/index.php?rest_route=\/wp\/v2\/posts\/40971","targetHints":{"allow":["GET"]}}],"collection":[{"href":"https:\/\/diariodominicano.com\/index.php?rest_route=\/wp\/v2\/posts"}],"about":[{"href":"https:\/\/diariodominicano.com\/index.php?rest_route=\/wp\/v2\/types\/post"}],"author":[{"embeddable":true,"href":"https:\/\/diariodominicano.com\/index.php?rest_route=\/wp\/v2\/users\/3"}],"replies":[{"embeddable":true,"href":"https:\/\/diariodominicano.com\/index.php?rest_route=%2Fwp%2Fv2%2Fcomments&post=40971"}],"version-history":[{"count":0,"href":"https:\/\/diariodominicano.com\/index.php?rest_route=\/wp\/v2\/posts\/40971\/revisions"}],"wp:attachment":[{"href":"https:\/\/diariodominicano.com\/index.php?rest_route=%2Fwp%2Fv2%2Fmedia&parent=40971"}],"wp:term":[{"taxonomy":"category","embeddable":true,"href":"https:\/\/diariodominicano.com\/index.php?rest_route=%2Fwp%2Fv2%2Fcategories&post=40971"},{"taxonomy":"post_tag","embeddable":true,"href":"https:\/\/diariodominicano.com\/index.php?rest_route=%2Fwp%2Fv2%2Ftags&post=40971"}],"curies":[{"name":"wp","href":"https:\/\/api.w.org\/{rel}","templated":true}]}}