{"id":40960,"date":"2019-12-03T08:36:05","date_gmt":"2019-12-03T08:36:05","guid":{"rendered":"http:\/\/diariodominicano.ddns.net\/?p=40960"},"modified":"2019-12-03T08:36:05","modified_gmt":"2019-12-03T08:36:05","slug":"una-solicitud-desatendida","status":"publish","type":"post","link":"https:\/\/diariodominicano.com\/?p=40960","title":{"rendered":"&#13;UNA SOLICITUD DESATENDIDA"},"content":{"rendered":"<p><body><\/p>\n<p>EN PRIMERA FILA<\/p>\n<\/p>\n<p>UNA SOLICITUD DESATENDIDA<\/p>\n<p>Mario Rivadulla<\/p>\n<\/p>\n<p>Pocos d\u00edas antes del inicio del presente mes de diciembre un numeroso grupo de instituciones dirigi\u00f3 una solicitud p\u00fablica al Ministro de Interior y Polic\u00eda, Jos\u00e9 Ram\u00f3n Fadul, solicitando mantener el horario restringido para la venta de bebidas alcoh\u00f3licas durante la temporada navide\u00f1a. Esta tradici\u00f3n ha ido perdiendo cada vez m\u00e1s su car\u00e1cter religioso, sustituy\u00e9ndola por rumbosos festejos durante los feriados de Navidad y Fin de A\u00f1o hasta altas horas de la madrugada con un elevado consumo de alcohol.<\/p>\n<\/p>\n<p>Ninguna de las diferentes firmas que calza  el documento est\u00e1n te\u00f1idas de partidarismo pol\u00edtico. Lo encabezan numerosas sociedades m\u00e9dicas nacionales en Cardiolog\u00eda, Neumolog\u00eda, Diabetes, Neurolog\u00eda y Neurocirug\u00eda, Endocrinolog\u00eda y otras  diversas especiales.   Adicionalmente lo suscriben federaciones y sociedades tambi\u00e9n m\u00e9dicas regionales y Argentina, Bolivia, M\u00e9xico Costa Rica y Uruguay.<\/p>\n<\/p>\n<p>Entre los restantes suscribientes de la petici\u00f3n aparecen entidades de servicio, federaciones y asociaciones de vecinos, colegios, Unidad Evang\u00e9lica, Comunicadores Cristianos y diversas ONGS.  <\/p>\n<\/p>\n<p>Por ning\u00fan lado, por consiguiente, hay asomo de parcialidad ni encubierto inter\u00e9s subyacente que no sea la leg\u00edtima preocupaci\u00f3n de contribuir a reducir la elevada incidencia de accidentes, sobre todo vehiculares, y  el n\u00famero crecido de v\u00edctimas fatales a consecuencia de los mismos que se registra en las festividades se\u00f1aladas. Estas, por lo general, se deben a eventos asociados en gran medida al consumo excesivo de bebidas alcoh\u00f3licas.  El documento en este sentido es expl\u00edcito y revelador, conteniendo datos precisos al respecto.<\/p>\n<\/p>\n<p>As\u00ed tenemos que cifras ofrecidas por un reciente estudio, establecen que nuestro pa\u00eds figura en sexto lugar en Latinoam\u00e9rica en cuanto al consumo de bebidas alcoh\u00f3licas con una media de 6.9  litros anuales por persona de alcohol puro, medio litro mas que el promedio mundial. Peor a\u00fan: donde se registra una ingesta mayor es en el rango de 14 a 29 a\u00f1os de edad, con un 40 por ciento por debajo de los 18 a\u00f1os, o sea, adolescentes y menores.<\/p>\n<\/p>\n<p>Otros datos estad\u00edsticos: el 14 por ciento de las mujeres y 18 por ciento de hombres atendidos por traumas en las emergencias mostraban se\u00f1ales de haber consumido bebidas alcoh\u00f3licas.  M\u00e1s a\u00fan: en las mediciones probatorias que se han hecho de manera aleatoria para probar el uso del alcohol\u00edmetro, en al menos el cuarenta por ciento y a\u00fan m\u00e1s, de los conductores se detect\u00f3 un contenido de alcohol en la sangre superior al l\u00edmite permitido.  Estas pruebas fueron realizadas en horario de d\u00eda y en fechas normales, no festivas.<\/p>\n<\/p>\n<p>Seg\u00fan expresa el documento el consumo de alcohol aparece estrechamente vinculado a mas de doscientas enfermedades, algunas de car\u00e1cter mortal como son varios tipos de c\u00e1ncer, cirrosis hep\u00e1ticas y otras. Adicionalmente est\u00e1 presente como causa principal en el 18 por ciento de los suicidios, la misma proporci\u00f3n en violencia interpersonal y un 27 por ciento de las lesiones de tr\u00e1nsito que constituyen la principal causa de muertes violentas en el pa\u00eds.<\/p>\n<\/p>\n<p>Las razones son m\u00e1s que sobradas para sustanciar la petici\u00f3n dirigida a Interior y Polic\u00eda. En verdad resulta un contrasentido que mientras se mantiene un horario restringido para la venta de bebidas alcoh\u00f3licas durante todo el resto del a\u00f1o se levante en esta \u00e9poca, donde siempre se registra una tr\u00e1gica y elevada cosecha de muertos y lesionados.<\/p>\n<\/p>\n<p>Lamentablemente hasta ahora, que se sepa, la solicitud en cuesti\u00f3n no ha merecido acogida, respuesta ni tan siquiera un simple comentario de la autoridad a la que ha sido dirigida.<\/p>\n<\/p>\n<\/p>\n<h6> 2019-12-03 08:36:05 <\/h6>\n<p><!--\n<link rel=\"stylesheet\" href=\"css\/bootstrap.min.css\">\n\n\n<ul class=\"pagination\">\n\t    \n\t\n\n<li >\n\t<a href='?page_no=411'>Previous<\/a>\n\t<\/li>\n\n\n       \n    \n\n<li><a href='?page_no=1'>1<\/a><\/li>\n\n\n\n<li><a href='?page_no=2'>2<\/a><\/li>\n\n\n\n<li><a>...<\/a><\/li>\n\n\n\n<li><a href='?page_no=410'>410<\/a><\/li>\n\n\n\n<li><a href='?page_no=411'>411<\/a><\/li>\n\n\n\n<li class='active'><a>412<\/a><\/li>\n\n\n\n<li><a href='?page_no=413'>413<\/a><\/li>\n\n\n\n<li><a href='?page_no=414'>414<\/a><\/li>\n\n\n\n<li><a>...<\/a><\/li>\n\n\n\n<li><a href='?page_no=13611'>13611<\/a><\/li>\n\n\n\n<li><a href='?page_no=13612'>13612<\/a><\/li>\n\n    \n\t\n\n<li >\n\t<a href='?page_no=413'>Next<\/a>\n\t<\/li>\n\n\n    \n\n<li><a href='?page_no=13612'>Last &rsaquo;&rsaquo;<\/a><\/li>\n\n<\/ul>\n\n\n--><br \/>\n<\/body><\/p>\n","protected":false},"excerpt":{"rendered":"<p>EN PRIMERA FILA UNA SOLICITUD DESATENDIDA Mario Rivadulla Pocos d\u00edas antes del inicio del presente mes de diciembre un numeroso grupo de instituciones dirigi\u00f3 una solicitud p\u00fablica al Ministro de Interior y Polic\u00eda, Jos\u00e9 Ram\u00f3n Fadul, solicitando mantener el horario restringido para la venta de bebidas alcoh\u00f3licas durante la temporada navide\u00f1a. Esta tradici\u00f3n ha ido [&hellip;]<\/p>\n","protected":false},"author":3,"featured_media":0,"comment_status":"open","ping_status":"open","sticky":false,"template":"","format":"standard","meta":{"footnotes":""},"categories":[16],"tags":[],"class_list":["post-40960","post","type-post","status-publish","format-standard","hentry","category-opiniones"],"_links":{"self":[{"href":"https:\/\/diariodominicano.com\/index.php?rest_route=\/wp\/v2\/posts\/40960","targetHints":{"allow":["GET"]}}],"collection":[{"href":"https:\/\/diariodominicano.com\/index.php?rest_route=\/wp\/v2\/posts"}],"about":[{"href":"https:\/\/diariodominicano.com\/index.php?rest_route=\/wp\/v2\/types\/post"}],"author":[{"embeddable":true,"href":"https:\/\/diariodominicano.com\/index.php?rest_route=\/wp\/v2\/users\/3"}],"replies":[{"embeddable":true,"href":"https:\/\/diariodominicano.com\/index.php?rest_route=%2Fwp%2Fv2%2Fcomments&post=40960"}],"version-history":[{"count":0,"href":"https:\/\/diariodominicano.com\/index.php?rest_route=\/wp\/v2\/posts\/40960\/revisions"}],"wp:attachment":[{"href":"https:\/\/diariodominicano.com\/index.php?rest_route=%2Fwp%2Fv2%2Fmedia&parent=40960"}],"wp:term":[{"taxonomy":"category","embeddable":true,"href":"https:\/\/diariodominicano.com\/index.php?rest_route=%2Fwp%2Fv2%2Fcategories&post=40960"},{"taxonomy":"post_tag","embeddable":true,"href":"https:\/\/diariodominicano.com\/index.php?rest_route=%2Fwp%2Fv2%2Ftags&post=40960"}],"curies":[{"name":"wp","href":"https:\/\/api.w.org\/{rel}","templated":true}]}}