{"id":40949,"date":"2019-12-05T07:47:29","date_gmt":"2019-12-05T07:47:29","guid":{"rendered":"http:\/\/diariodominicano.ddns.net\/?p=40949"},"modified":"2019-12-05T07:47:29","modified_gmt":"2019-12-05T07:47:29","slug":"a-pleno-solcolapso-la-escuela","status":"publish","type":"post","link":"https:\/\/diariodominicano.com\/?p=40949","title":{"rendered":"&#13;&#13;A Pleno Sol&#13;&#13;Colapso la escuela"},"content":{"rendered":"<p><body><\/p>\n<p><strong>Diariodominicano.com<\/strong><\/p>\n<\/p>\n<p>A Pleno Sol<\/p>\n<\/p>\n<p>Colapso la escuela<\/p>\n<\/p>\n<p>Por Manuel Hern\u00e1ndez Villeta<\/p>\n<\/p>\n<\/p>\n<p>La escuela dominicana colaps\u00f3. El proceso educativo est\u00e1 atado de manos. Hay que hacer una amplia reforma del sistema. Tiene el sector oficial que normal la actividad. En el sector privado, cada cual hace lo que le venga en gana.<\/p>\n<\/p>\n<p>Hay que levantar la escuela. Es el futuro del pa\u00eds. Para los maestros, la ense\u00f1anza hoy es un mero pago mensual. Para los due\u00f1os de colegios, es hacerse ricos. Para el ministerio, es nombrar personas por cercan\u00edas partidistas. Para el gremio, es seguir luchando por reivindicaciones y nada m\u00e1s.<\/p>\n<\/p>\n<p>Si tomamos las estad\u00edsticas del sistema educativo, veremos que  es alarmante la forma en que se educa a los ni\u00f1os dominicanos. No vamos a hablar de la c\u00e1tedra universitaria, sino el comienzo, la primaria, la b\u00e1sica, donde se forma desde temprano a los futuros l\u00edderes nacionales.<\/p>\n<\/p>\n<p>Si en la escuela hay fallas que duelen y mortifican, es hora de iniciar un proceso de reformas, y no tratar de esconder los retrasos. La mayor\u00eda de los ni\u00f1os que cursan el tercer grado b\u00e1sico todav\u00eda no saben leer y escribir  con fluidez. A esos muchachitos no se les est\u00e1 ense\u00f1ando moral y c\u00edvica, no se les est\u00e1 insuflando el amor a la patria y no se les indica el respeto total  a la vida.<\/p>\n<\/p>\n<p>En este a\u00f1o se han notificado varios incidentes que parten desde las aulas, donde jovencitos se han ido a los pu\u00f1os y se cuentan ya algunos muertos en estos incidentes. Las burlas en las aulas y el recreo no pueden ser  controladas por los maestros. Hay adolescentes que van a las escuelas con armas de fuego o blancas. Aumenta cada d\u00eda el n\u00famero de jovencitas embarazadas, y de otros que abandonan los estudios antes de completar la primaria.<\/p>\n<\/p>\n<p>A las fallas se une la improvisaci\u00f3n. Ahora mismo no hay libros de textos  para entregar a los estudiantes, y los maestros tienen que dar las materias en base a su experiencia y a los apuntes que tienen en sus computadoras.<\/p>\n<\/p>\n<p>El colapso de la escuela debe terminar. Hay que trabajar para que en las aulas se imparta una ense\u00f1anza de acuerdo con el siglo 21. Hay que dar a todos los niveles la moral y c\u00edvica y la  responsabilidad de la convivencia pac\u00edfica y del respeto a los derechos humanos.<\/p>\n<\/p>\n<p>El pa\u00eds est\u00e1 alarmado por la gran cantidad de feminicidios, hay que hacerle frente a los asesinatos de mujeres por sus compa\u00f1eros o ex-compa\u00f1eros. La escuela, que forja a los futuros  l\u00edderes y hombres de bien, no est\u00e1 cumpliendo con su trabajo. Si la buena convivencia no se imparte desde los jardines de infantes, el c\u00edrculo de violencia nunca ser\u00e1 erradicado.<\/p>\n<\/p>\n<p>Vamos a salvar a la escuela dominicana, con un programa realista de ense\u00f1anza en base al siglo 21 y a las necesidades presentes y futuras de la Republica Dominicana. Si no se trabaja desde ahora, no vamos a tener paz y desarrollo en el futuro cercano. \u00a1Ay!, se me acab\u00f3 la tinta.<\/p>\n<\/p>\n<h6> 2019-12-05 07:47:29 <\/h6>\n<p><!--\n<link rel=\"stylesheet\" href=\"css\/bootstrap.min.css\">\n\n\n<ul class=\"pagination\">\n\t    \n\t\n\n<li >\n\t<a href='?page_no=410'>Previous<\/a>\n\t<\/li>\n\n\n       \n    \n\n<li><a href='?page_no=1'>1<\/a><\/li>\n\n\n\n<li><a href='?page_no=2'>2<\/a><\/li>\n\n\n\n<li><a>...<\/a><\/li>\n\n\n\n<li><a href='?page_no=409'>409<\/a><\/li>\n\n\n\n<li><a href='?page_no=410'>410<\/a><\/li>\n\n\n\n<li class='active'><a>411<\/a><\/li>\n\n\n\n<li><a href='?page_no=412'>412<\/a><\/li>\n\n\n\n<li><a href='?page_no=413'>413<\/a><\/li>\n\n\n\n<li><a>...<\/a><\/li>\n\n\n\n<li><a href='?page_no=13611'>13611<\/a><\/li>\n\n\n\n<li><a href='?page_no=13612'>13612<\/a><\/li>\n\n    \n\t\n\n<li >\n\t<a href='?page_no=412'>Next<\/a>\n\t<\/li>\n\n\n    \n\n<li><a href='?page_no=13612'>Last &rsaquo;&rsaquo;<\/a><\/li>\n\n<\/ul>\n\n\n--><br \/>\n<\/body><\/p>\n","protected":false},"excerpt":{"rendered":"<p>Diariodominicano.com A Pleno Sol Colapso la escuela Por Manuel Hern\u00e1ndez Villeta La escuela dominicana colaps\u00f3. El proceso educativo est\u00e1 atado de manos. Hay que hacer una amplia reforma del sistema. Tiene el sector oficial que normal la actividad. En el sector privado, cada cual hace lo que le venga en gana. Hay que levantar la [&hellip;]<\/p>\n","protected":false},"author":3,"featured_media":0,"comment_status":"open","ping_status":"open","sticky":false,"template":"","format":"standard","meta":{"footnotes":""},"categories":[16],"tags":[],"class_list":["post-40949","post","type-post","status-publish","format-standard","hentry","category-opiniones"],"_links":{"self":[{"href":"https:\/\/diariodominicano.com\/index.php?rest_route=\/wp\/v2\/posts\/40949","targetHints":{"allow":["GET"]}}],"collection":[{"href":"https:\/\/diariodominicano.com\/index.php?rest_route=\/wp\/v2\/posts"}],"about":[{"href":"https:\/\/diariodominicano.com\/index.php?rest_route=\/wp\/v2\/types\/post"}],"author":[{"embeddable":true,"href":"https:\/\/diariodominicano.com\/index.php?rest_route=\/wp\/v2\/users\/3"}],"replies":[{"embeddable":true,"href":"https:\/\/diariodominicano.com\/index.php?rest_route=%2Fwp%2Fv2%2Fcomments&post=40949"}],"version-history":[{"count":0,"href":"https:\/\/diariodominicano.com\/index.php?rest_route=\/wp\/v2\/posts\/40949\/revisions"}],"wp:attachment":[{"href":"https:\/\/diariodominicano.com\/index.php?rest_route=%2Fwp%2Fv2%2Fmedia&parent=40949"}],"wp:term":[{"taxonomy":"category","embeddable":true,"href":"https:\/\/diariodominicano.com\/index.php?rest_route=%2Fwp%2Fv2%2Fcategories&post=40949"},{"taxonomy":"post_tag","embeddable":true,"href":"https:\/\/diariodominicano.com\/index.php?rest_route=%2Fwp%2Fv2%2Ftags&post=40949"}],"curies":[{"name":"wp","href":"https:\/\/api.w.org\/{rel}","templated":true}]}}