{"id":409373,"date":"2023-01-14T20:01:39","date_gmt":"2023-01-15T00:01:39","guid":{"rendered":"http:\/\/diariodominicano.com\/?p=409373"},"modified":"2023-01-14T20:01:39","modified_gmt":"2023-01-15T00:01:39","slug":"durante-requisa-en-el-centro-de-correccion-de-najayo-hallan-6-objetos-cortopunzantes-y-6-porciones-de-un-polvo-blanco-que-se-presume-es-cocaina","status":"publish","type":"post","link":"https:\/\/diariodominicano.com\/?p=409373","title":{"rendered":"Durante requisa en el centro de correcci\u00f3n de Najayo hallan 6 objetos cortopunzantes y 6 porciones de un polvo blanco que se presume es coca\u00edna"},"content":{"rendered":"\n<p><\/p>\n\n\n\n<p>Najayo (SAN CRIST\u00d3BAL).- La Direcci\u00f3n General de Servicios Penitenciarios y Correccionales (DGSPC) ocup\u00f3 un tel\u00e9fono m\u00f3vil, seis objetos cortopunzantes y seis porciones de un polvo blanco que se presume es coca\u00edna durante una requisa practicada est\u00e9 s\u00e1bado en el Centro de Correcci\u00f3n y Rehabilitaci\u00f3n de Najayo.<\/p>\n\n\n\n<p>Adem\u00e1s de realizar la requisa, los agentes de vigilancia penitenciaria tuvieron que movilizarse ante la acci\u00f3n de los privados de libertad de dos m\u00f3dulos que provocaron un alboroto para resistirse a la revisi\u00f3n realizada por la Subdirecci\u00f3n de Seguridad de la DGSPC.<\/p>\n\n\n\n<p>La acci\u00f3n de los privados de libertad llev\u00f3 a la r\u00e1pida intervenci\u00f3n de las Unidades Especiales de la DGSPC que tambi\u00e9n diligenciaron la presencia de agentes de la Polic\u00eda Nacional y personal de auxilio del Sistema 911. Seis de los internos resultaron con contusiones.<\/p>\n\n\n\n<p>La DGSPC explic\u00f3 que luego del incidente los agentes custodias del recinto tomaron su control e iniciaron el proceso de almuerzo, as\u00ed como las visitas infantiles programadas, sin ning\u00fan contratiempo.<\/p>\n\n\n\n<p><strong>Direcci\u00f3n de Comunicaci\u00f3n y Prensa<\/strong><\/p>\n\n\n\n<p><strong>Procuradur\u00eda General-Ministerio P\u00fablico RD<\/strong><\/p>\n\n\n\n<p><strong>S\u00e1bado, 14 de enero de 2023.<\/strong><\/p>\n","protected":false},"excerpt":{"rendered":"<p>Najayo (SAN CRIST\u00d3BAL).- La Direcci\u00f3n General de Servicios Penitenciarios y Correccionales (DGSPC) ocup\u00f3 un tel\u00e9fono m\u00f3vil, seis objetos cortopunzantes y seis porciones de un polvo blanco que se presume es coca\u00edna durante una requisa practicada est\u00e9 s\u00e1bado en el Centro de Correcci\u00f3n y Rehabilitaci\u00f3n de Najayo. Adem\u00e1s de realizar la requisa, los agentes de vigilancia [&hellip;]<\/p>\n","protected":false},"author":28,"featured_media":348363,"comment_status":"closed","ping_status":"","sticky":true,"template":"","format":"standard","meta":{"footnotes":""},"categories":[24,29,27],"tags":[],"class_list":["post-409373","post","type-post","status-publish","format-standard","has-post-thumbnail","hentry","category-justicia-y-derecho","category-policiasucesos","category-portada"],"_links":{"self":[{"href":"https:\/\/diariodominicano.com\/index.php?rest_route=\/wp\/v2\/posts\/409373","targetHints":{"allow":["GET"]}}],"collection":[{"href":"https:\/\/diariodominicano.com\/index.php?rest_route=\/wp\/v2\/posts"}],"about":[{"href":"https:\/\/diariodominicano.com\/index.php?rest_route=\/wp\/v2\/types\/post"}],"author":[{"embeddable":true,"href":"https:\/\/diariodominicano.com\/index.php?rest_route=\/wp\/v2\/users\/28"}],"replies":[{"embeddable":true,"href":"https:\/\/diariodominicano.com\/index.php?rest_route=%2Fwp%2Fv2%2Fcomments&post=409373"}],"version-history":[{"count":1,"href":"https:\/\/diariodominicano.com\/index.php?rest_route=\/wp\/v2\/posts\/409373\/revisions"}],"predecessor-version":[{"id":409374,"href":"https:\/\/diariodominicano.com\/index.php?rest_route=\/wp\/v2\/posts\/409373\/revisions\/409374"}],"wp:featuredmedia":[{"embeddable":true,"href":"https:\/\/diariodominicano.com\/index.php?rest_route=\/wp\/v2\/media\/348363"}],"wp:attachment":[{"href":"https:\/\/diariodominicano.com\/index.php?rest_route=%2Fwp%2Fv2%2Fmedia&parent=409373"}],"wp:term":[{"taxonomy":"category","embeddable":true,"href":"https:\/\/diariodominicano.com\/index.php?rest_route=%2Fwp%2Fv2%2Fcategories&post=409373"},{"taxonomy":"post_tag","embeddable":true,"href":"https:\/\/diariodominicano.com\/index.php?rest_route=%2Fwp%2Fv2%2Ftags&post=409373"}],"curies":[{"name":"wp","href":"https:\/\/api.w.org\/{rel}","templated":true}]}}