{"id":409351,"date":"2023-01-14T15:29:12","date_gmt":"2023-01-14T19:29:12","guid":{"rendered":"http:\/\/diariodominicano.com\/?p=409351"},"modified":"2023-01-14T15:29:12","modified_gmt":"2023-01-14T19:29:12","slug":"fin-de-semana-de-martin-luther-king-jr-contara-con-tributos-compromisos-con-la-equidad","status":"publish","type":"post","link":"https:\/\/diariodominicano.com\/?p=409351","title":{"rendered":"Fin de semana de Martin Luther King Jr. contar\u00e1 con tributos, compromisos con la equidad"},"content":{"rendered":"\n<p>enero 13, 2023<\/p>\n\n\n\n<ul class=\"wp-block-list\"><li><a href=\"https:\/\/www.vozdeamerica.com\/author\/voz-de-america-redaccion\/p_kym\">Voz de Am\u00e9rica &#8211; Redacci\u00f3n<\/a><\/li><\/ul>\n\n\n\n<figure class=\"wp-block-image\"><img decoding=\"async\" src=\"https:\/\/gdb.voanews.com\/022a0000-0aff-0242-7247-08daf581474a_w650_r1_s.jpg\" alt=\"ARCHIVO - El Monumento a Martin Luther King, Jr. se ve antes de su inauguraci\u00f3n este fin de semana en Washington, el lunes 22 de agosto de 2011. (AP Photo\/Charles Dharapak)\"\/><figcaption>ARCHIVO &#8211; El Monumento a Martin Luther King, Jr. se ve antes de su inauguraci\u00f3n este fin de semana en Washington, el lunes 22 de agosto de 2011. (AP Photo\/Charles Dharapak)<\/figcaption><\/figure>\n\n\n\n<ul class=\"wp-block-list\"><li><a href=\"https:\/\/facebook.com\/sharer.php?u=https%3a%2f%2fwww.vozdeamerica.com%2fa%2ffin-de-semana-de-martin-luther-king-jr-contara-con-tributos-compromisos-equidad-%2f6917254.html\" target=\"_blank\" rel=\"noreferrer noopener\"><\/a><\/li><li><a href=\"https:\/\/twitter.com\/share?url=https%3a%2f%2fwww.vozdeamerica.com%2fa%2ffin-de-semana-de-martin-luther-king-jr-contara-con-tributos-compromisos-equidad-%2f6917254.html&amp;text=Fin+de+semana+de+Martin+Luther+King+Jr.++contar%c3%a1+con+tributos%2c+compromisos+con+la+equidad+\" target=\"_blank\" rel=\"noreferrer noopener\"><\/a><\/li><li><\/li><li><a href=\"mailto:?body=https%3a%2f%2fwww.vozdeamerica.com%2fa%2ffin-de-semana-de-martin-luther-king-jr-contara-con-tributos-compromisos-equidad-%2f6917254.html&amp;subject=Fin%20de%20semana%20de%20Martin%20Luther%20King%20Jr.%20contar%C3%A1%20con%20tributos,%20compromisos%20con%20la%20equidad\"><\/a><\/li><\/ul>\n\n\n\n<p><a href=\"https:\/\/www.vozdeamerica.com\/a\/fin-de-semana-de-martin-luther-king-jr-contara-con-tributos-compromisos-equidad-\/6917254.html#comments\">Vea comentarios<\/a><\/p>\n\n\n\n<p>El domingo, el presidente Joe Biden hablar\u00e1 en un servicio conmemorativo en la Iglesia Bautista Ebenezer, la hist\u00f3rica casa de culto de Atlanta donde King predic\u00f3 desde 1960 hasta su asesinato en 1968.<\/p>\n\n\n\n<p>Los tributos anuales y las conmemoraciones de la vida y el legado del reverendo Martin Luther King Jr., que comienzan el viernes en todo el pa\u00eds, suelen incluir una combinaci\u00f3n de pol\u00edtica, fe y servicio comunitario.<\/p>\n\n\n\n<p>Para la celebraci\u00f3n de este a\u00f1o, la 37 desde su reconocimiento federal en 1986, un descendiente de King espera estimular el progreso ayudando a m\u00e1s estadounidenses a personalizar la lucha en curso por la equidad y la armon\u00eda racial. Bernice King, hija del difunto \u00edcono de los derechos civiles, dijo que las personas deben ir m\u00e1s all\u00e1 de los lugares comunes y profundizar sus propios compromisos con el progreso necesario.<\/p>\n\n\n\n<p>\u201cNecesitamos cambiar nuestra forma de pensar\u201d, dijo King, director ejecutivo de&nbsp;<em>The King Center<\/em>&nbsp;en Atlanta.<\/p>\n\n\n\n<p>Bajo el lema \u00abComienza conmigo\u00bb, el centro lanz\u00f3 su lista de eventos del D\u00eda de Martin Luther King Jr. el jueves con cumbres de j\u00f3venes y adultos para educar al p\u00fablico sobre las formas de transformar los sistemas injustos en los EEUU.<\/p>\n\n\n\n<p>Las cumbres se transmitieron en l\u00ednea y est\u00e1n disponibles para su reproducci\u00f3n en las cuentas de redes sociales del centro.<\/p>\n\n\n\n<p>\u201cParece que estamos pasando por estos ciclos, porque estamos tratando de abordar todo con la misma mentalidad de que todo esto (la inequidad racial) fue creado\u201d, dijo King a&nbsp;<em>The Associated Press.<\/em><\/p>\n\n\n\n<figure class=\"wp-block-image\"><img decoding=\"async\" src=\"https:\/\/gdb.voanews.com\/09410000-0a00-0242-710e-08daf56363d8_w650_r1_s.jpg\" alt=\"Un transe\u00fante camina bajo la escultura de bronce de 20 pies de altura &quot;El Abrazo&quot;, un monumento al Dr. Martin Luther King Jr. y Coretta Scott King, en el Boston Common, el 10 de enero de 2023, en Boston, EEUU,\"\/><figcaption>Un transe\u00fante camina bajo la escultura de bronce de 20 pies de altura \u00abEl Abrazo\u00bb, un monumento al Dr. Martin Luther King Jr. y Coretta Scott King, en el Boston Common, el 10 de enero de 2023, en Boston, EEUU,<\/figcaption><\/figure>\n\n\n\n<p>\u201cEl cambio puede ser muy peque\u00f1o\u201d, dijo, \u201cpero la transformaci\u00f3n significa que ahora cambiamos el car\u00e1cter, la forma y la naturaleza de algo. Eso es algo que a\u00fan no hemos visto\u201d.<\/p>\n\n\n\n<p>Otros eventos del fin de semana festivo de King incluyen la inauguraci\u00f3n de una estatua en Boston, un simposio sobre la brutalidad policial en Akron, Ohio, y proyectos de servicio comunitario en muchas ciudades de EEUU.<\/p>\n\n\n\n<p>El feriado da inicio a otro a\u00f1o de defensa de una agenda de justicia racial, desde reformas policiales y fortalecimiento del derecho al voto hasta soluciones a las disparidades econ\u00f3micas y educativas, que se ha visto obstaculizada por guerras culturales y estancamiento partidista en Washington y en todo el pa\u00eds.<\/p>\n\n\n\n<p>Los residentes de Selma, Alabama, que desempe\u00f1\u00f3 un papel central en el legado de King, se despertaron el viernes con grandes da\u00f1os por un sistema de tormentas mortales que gener\u00f3 tornados en todo el sur. La ciudad se convirti\u00f3 en un punto \u00e1lgido del movimiento por los derechos civiles cuando la polic\u00eda estatal atac\u00f3 brutalmente a los negros que marchaban sin violencia por el derecho al voto a trav\u00e9s del puente Edmund Pettus el 7 de marzo de 1965.<\/p>\n\n\n\n<p>King no estuvo presente en la marcha conocida como \u201cDomingo Sangriento\u201d, pero se uni\u00f3 a una procesi\u00f3n posterior que cruz\u00f3 con \u00e9xito el puente hacia el Capitolio en Montgomery. El puente Pettus sali\u00f3 ileso de la tormenta del jueves.<\/p>\n\n\n\n<p>El domingo por la ma\u00f1ana, el presidente Joe Biden hablar\u00e1 en un servicio conmemorativo en la Iglesia Bautista Ebenezer, la hist\u00f3rica casa de culto de Atlanta donde King predic\u00f3 desde 1960 hasta su asesinato en 1968. La iglesia est\u00e1 presidida por el reverendo senador Raphael Warnock, quien recientemente gan\u00f3 las elecciones para un mandato completo como el primer senador estadounidense negro de Georgia.<\/p>\n\n\n\n<p>Y el lunes, la celebraci\u00f3n federal del feriado de Martin Luther King Jr., las conmemoraciones contin\u00faan en Atlanta, as\u00ed como en la capital de la naci\u00f3n y m\u00e1s all\u00e1.<\/p>\n\n\n\n<p>El reverendo Al Sharpton, quien comenz\u00f3 como organizador de derechos civiles en su adolescencia como director juvenil de un proyecto antipobreza de la Conferencia de Liderazgo Cristiano del Sur de King, llevar\u00e1 a cabo sus eventos anuales de vacaciones King en Washington, D.C. y Nueva York el lunes. Se espera que Martin Luther King III asista al desayuno de gala de Sharpton en Washington con su esposa, la presidenta del Instituto Drum Major, Arndrea Waters King, quien ser\u00e1 homenajeada junto con la expresidenta de la C\u00e1mara de Representantes, Nancy Pelosi.<\/p>\n","protected":false},"excerpt":{"rendered":"<p>enero 13, 2023 Voz de Am\u00e9rica &#8211; Redacci\u00f3n Vea comentarios El domingo, el presidente Joe Biden hablar\u00e1 en un servicio conmemorativo en la Iglesia Bautista Ebenezer, la hist\u00f3rica casa de culto de Atlanta donde King predic\u00f3 desde 1960 hasta su asesinato en 1968. Los tributos anuales y las conmemoraciones de la vida y el legado [&hellip;]<\/p>\n","protected":false},"author":28,"featured_media":0,"comment_status":"closed","ping_status":"","sticky":false,"template":"","format":"standard","meta":{"footnotes":""},"categories":[26,23,19],"tags":[],"class_list":["post-409351","post","type-post","status-publish","format-standard","hentry","category-efemerides","category-internacional","category-mi-voz"],"_links":{"self":[{"href":"https:\/\/diariodominicano.com\/index.php?rest_route=\/wp\/v2\/posts\/409351","targetHints":{"allow":["GET"]}}],"collection":[{"href":"https:\/\/diariodominicano.com\/index.php?rest_route=\/wp\/v2\/posts"}],"about":[{"href":"https:\/\/diariodominicano.com\/index.php?rest_route=\/wp\/v2\/types\/post"}],"author":[{"embeddable":true,"href":"https:\/\/diariodominicano.com\/index.php?rest_route=\/wp\/v2\/users\/28"}],"replies":[{"embeddable":true,"href":"https:\/\/diariodominicano.com\/index.php?rest_route=%2Fwp%2Fv2%2Fcomments&post=409351"}],"version-history":[{"count":1,"href":"https:\/\/diariodominicano.com\/index.php?rest_route=\/wp\/v2\/posts\/409351\/revisions"}],"predecessor-version":[{"id":409352,"href":"https:\/\/diariodominicano.com\/index.php?rest_route=\/wp\/v2\/posts\/409351\/revisions\/409352"}],"wp:attachment":[{"href":"https:\/\/diariodominicano.com\/index.php?rest_route=%2Fwp%2Fv2%2Fmedia&parent=409351"}],"wp:term":[{"taxonomy":"category","embeddable":true,"href":"https:\/\/diariodominicano.com\/index.php?rest_route=%2Fwp%2Fv2%2Fcategories&post=409351"},{"taxonomy":"post_tag","embeddable":true,"href":"https:\/\/diariodominicano.com\/index.php?rest_route=%2Fwp%2Fv2%2Ftags&post=409351"}],"curies":[{"name":"wp","href":"https:\/\/api.w.org\/{rel}","templated":true}]}}