{"id":40915,"date":"2019-12-09T19:55:08","date_gmt":"2019-12-09T19:55:08","guid":{"rendered":"http:\/\/diariodominicano.ddns.net\/?p=40915"},"modified":"2019-12-09T19:55:08","modified_gmt":"2019-12-09T19:55:08","slug":"jamas-desfallecer","status":"publish","type":"post","link":"https:\/\/diariodominicano.com\/?p=40915","title":{"rendered":"JAM\u00c1S DESFALLECER"},"content":{"rendered":"<p><body><\/p>\n<p>ALGO M\u00c1S QUE PALABRAS<\/p>\n<\/p>\n<p>JAM\u00c1S DESFALLECER<\/p>\n<\/p>\n<p>\u00abLas peonadas sobre el tablero de la vida nos corresponden al conjunto<\/p>\n<p>de la humanidad\u00bb.<\/p>\n<p>=========================<\/p>\n<p>V\u00edctor CORCOBA HERRERO\/ Escritor<\/p>\n<p>corcoba@telefonica.net<\/p>\n<p>=========================<\/p>\n<p>Hay una receta para no desfallecer, que no es otra que impedirlo. La cuesti\u00f3n no est\u00e1 en caer en la desdicha, sino en permanecer ca\u00eddo. Siempre hay que levantarse, encender el entusiasmo, hallarse para poder evolucionar y revolucionarse en vida, ponerse a imaginar con lo mejor de uno mismo, esperanzarse e ilusionarse, reivindicar espacios y oportunidades. Sin duda, la Declaraci\u00f3n Universal de los Derechos Humanos, debe de hacernos m\u00e1s fuertes; al menos ostenta el r\u00e9cord Guinness mundial de ser el documento m\u00e1s traducido. Quiz\u00e1s sea tambi\u00e9n uno de los m\u00e1s citados. <\/p>\n<\/p>\n<p>Sin embargo, a\u00fan son demasiadas las personas que desconocen sus derechos b\u00e1sicos como seres humanos, o se les niega, teniendo que mendigar algo que es inherente a la persona, excluy\u00e9ndoles de esa universalidad de valores eternos como son la equidad, la justicia y la dignidad humana. Partiendo de que puede que hasta sea ver\u00eddico, aquello que se hizo popular, de batirse m\u00e1s por nuestros intereses que por nuestros derechos; requiero del di\u00e1logo, como pulso para aproximarse m\u00e1s unos a otros.<\/p>\n<\/p>\n<p>Indudablemente, pienso asimismo, que en el mundo hay demasiadas pol\u00edticas haciendo partidismo. Multitud de l\u00edderes marginan a los que no son de su corriente. No debe proponerse el bienestar de algunos con exclusi\u00f3n de los dem\u00e1s, sino el de todos. Ya est\u00e1 bien de poner en pr\u00e1ctica ambiciones que arrinconan. Tampoco podemos destruir existencias. Todas y cada una de ellas tienen derecho a todos los derechos. No importan donde nazcan o vivan, su raza, etnia, religi\u00f3n, origen social, g\u00e9nero, orientaci\u00f3n sexual, opini\u00f3n, discapacidad, ni cualquier otra condici\u00f3n. Tal vez nuestra gran misi\u00f3n sea reintegrarnos. Tomemos la palabra como obligaci\u00f3n y necesidad.<\/p>\n<\/p>\n<p>Tenemos que conseguir fraternizar esta diversidad, superando todos los obst\u00e1culos. Querer por s\u00ed mismo ya es poder. Nadie puede discriminar a nadie. Depende \u00fanicamente de nosotros cambiar la situaci\u00f3n. Las peonadas sobre el tablero de la vida nos corresponden al conjunto de la humanidad. Administremos bien nuestros remos, pongamos imaginaci\u00f3n en hacernos m\u00e1s humanos, en conciliar posturas y en reconciliar acercamientos.<\/p>\n<\/p>\n<p>Ahora bien, nunca podemos dejar que la vida se nos escape sin batallar por la acogida y el rescate de los m\u00e1s d\u00e9biles, sin poner en activo un movimiento global en favor de la inclusi\u00f3n social, sin intensificar nuestra respuesta colectiva del abrazo. El rechazo de un mundo que se hace hostil y busca a los m\u00e1s indefensos para arrinconarlos, o que permanece indiferente ante el sufrimiento de los desamparados, sus moradores tienen que reaccionar m\u00e1s pronto que tarde, no deben cruzarse de brazos, pues aunque la herida por las injusticias sea grave, cada cual tenemos el deber de construir desde nuestro \u00e1mbito de actuaci\u00f3n un mundo m\u00e1s solidario y pac\u00edfico. <\/p>\n<\/p>\n<p>Desde luego, entre todos tenemos que perseverar porque los derechos humanos contin\u00faen vivos. La buena actitud es la que nos salva. Desde nuestra cotidianidad diaria, nos conviene tomar medidas y participar para defender aquellos derechos que nos salvaguardan y as\u00ed avivar la uni\u00f3n de todos los seres humanos.<\/p>\n<\/p>\n<p>Se dice, que si las operaciones de paz es la \u00faltima expectativa para millones de personas, tambi\u00e9n las<\/p>\n<p>reconstituyentes olas han de aglutinarnos, y no descartarnos, han de ser como esa estrella que ilusiona y no sucumbe<\/p>\n<p>al desaliento. Nada debe estar por encima de ning\u00fan ser humano, y a\u00fan menos el af\u00e1n del lucro y el capital. El<\/p>\n<p>horizonte ha de ser claro. Navegamos en el mismo barco. No ahoguemos a nadie con nuestras miserias, ni nos<\/p>\n<p>dejemos seducir por ese materialismo desenfrenado, que nos deja vac\u00edos y sin esp\u00edritu alguno para reponernos.<\/p>\n<p>Hemos de tomar fuerzas, m\u00e1xime en un momento en el que, desafortunadamente, irrumpe cada vez m\u00e1s la riqueza<\/p>\n<p>descarada que se acumula en las manos de unos pocos privilegiados, con demasiada frecuencia acompa\u00f1ada de la<\/p>\n<p>ilegalidad (cuidado con la proliferaci\u00f3n de pedestales con esp\u00edritus corruptos) y la explotaci\u00f3n ofensiva de la dignidad<\/p>\n<p>humana de algunos.<\/p>\n<p>Ciertamente, escandaliza la propagaci\u00f3n de la pobreza en grandes sectores de la sociedad entera, activando unas desigualdades sin precedentes en el mundo. Ante este triste escenario, no se puede permanecer quietos, ni tampoco aletargados. Activemos el sue\u00f1o de vivir, don\u00e1ndonos. Muchas veces hay que lanzarse a tomar el barco, incluso ya navegando. Por eso, es importante dar el salto, nadar aunque sea a contracorriente, siempre que sea hacia una br\u00fajula que nos hermane, aprovechando cualquier oportunidad, dej\u00e1ndose ayudar, y no renunciando jam\u00e1s a esa formaci\u00f3n integral, incluida la dimensi\u00f3n espiritual tambi\u00e9n, al menos para poder continuar pilotando; o sea, viviendo; es decir, creciendo. <\/p>\n<\/p>\n<p>Sin duda, educaci\u00f3n e inclusi\u00f3n han de ir de la mano; pues, independientemente del contexto social en el que se viva o de la situaci\u00f3n familiar que se posea, lo trascendente es que no tengamos en el planeta planteamientos restrictivos, buscando las mejores posibilidades para todos, que ser\u00e1 lo que verdaderamente nos hace felices, en la medida que actuemos; siendo capaces de pasar de una cultura del abandono y del des\u00e1nimo, a otro culto m\u00e1s asistencial y de impulso.<\/p>\n<\/p>\n<p>V\u00edctor CORCOBA HERRERO \/ Escritor<\/p>\n<p>corcoba@telefonica.net<\/p>\n<p>8 de diciembre de 2019.-<\/p>\n<h6> 2019-12-09 19:55:08 <\/h6>\n<p><!--\n<link rel=\"stylesheet\" href=\"css\/bootstrap.min.css\">\n\n\n<ul class=\"pagination\">\n\t    \n\t\n\n<li >\n\t<a href='?page_no=407'>Previous<\/a>\n\t<\/li>\n\n\n       \n    \n\n<li><a href='?page_no=1'>1<\/a><\/li>\n\n\n\n<li><a href='?page_no=2'>2<\/a><\/li>\n\n\n\n<li><a>...<\/a><\/li>\n\n\n\n<li><a href='?page_no=406'>406<\/a><\/li>\n\n\n\n<li><a href='?page_no=407'>407<\/a><\/li>\n\n\n\n<li class='active'><a>408<\/a><\/li>\n\n\n\n<li><a href='?page_no=409'>409<\/a><\/li>\n\n\n\n<li><a href='?page_no=410'>410<\/a><\/li>\n\n\n\n<li><a>...<\/a><\/li>\n\n\n\n<li><a href='?page_no=13611'>13611<\/a><\/li>\n\n\n\n<li><a href='?page_no=13612'>13612<\/a><\/li>\n\n    \n\t\n\n<li >\n\t<a href='?page_no=409'>Next<\/a>\n\t<\/li>\n\n\n    \n\n<li><a href='?page_no=13612'>Last &rsaquo;&rsaquo;<\/a><\/li>\n\n<\/ul>\n\n\n--><br \/>\n<\/body><\/p>\n","protected":false},"excerpt":{"rendered":"<p>ALGO M\u00c1S QUE PALABRAS JAM\u00c1S DESFALLECER \u00abLas peonadas sobre el tablero de la vida nos corresponden al conjunto de la humanidad\u00bb. ========================= V\u00edctor CORCOBA HERRERO\/ Escritor corcoba@telefonica.net ========================= Hay una receta para no desfallecer, que no es otra que impedirlo. La cuesti\u00f3n no est\u00e1 en caer en la desdicha, sino en permanecer ca\u00eddo. Siempre hay [&hellip;]<\/p>\n","protected":false},"author":3,"featured_media":0,"comment_status":"open","ping_status":"open","sticky":false,"template":"","format":"standard","meta":{"footnotes":""},"categories":[16],"tags":[],"class_list":["post-40915","post","type-post","status-publish","format-standard","hentry","category-opiniones"],"_links":{"self":[{"href":"https:\/\/diariodominicano.com\/index.php?rest_route=\/wp\/v2\/posts\/40915","targetHints":{"allow":["GET"]}}],"collection":[{"href":"https:\/\/diariodominicano.com\/index.php?rest_route=\/wp\/v2\/posts"}],"about":[{"href":"https:\/\/diariodominicano.com\/index.php?rest_route=\/wp\/v2\/types\/post"}],"author":[{"embeddable":true,"href":"https:\/\/diariodominicano.com\/index.php?rest_route=\/wp\/v2\/users\/3"}],"replies":[{"embeddable":true,"href":"https:\/\/diariodominicano.com\/index.php?rest_route=%2Fwp%2Fv2%2Fcomments&post=40915"}],"version-history":[{"count":0,"href":"https:\/\/diariodominicano.com\/index.php?rest_route=\/wp\/v2\/posts\/40915\/revisions"}],"wp:attachment":[{"href":"https:\/\/diariodominicano.com\/index.php?rest_route=%2Fwp%2Fv2%2Fmedia&parent=40915"}],"wp:term":[{"taxonomy":"category","embeddable":true,"href":"https:\/\/diariodominicano.com\/index.php?rest_route=%2Fwp%2Fv2%2Fcategories&post=40915"},{"taxonomy":"post_tag","embeddable":true,"href":"https:\/\/diariodominicano.com\/index.php?rest_route=%2Fwp%2Fv2%2Ftags&post=40915"}],"curies":[{"name":"wp","href":"https:\/\/api.w.org\/{rel}","templated":true}]}}