{"id":409135,"date":"2023-01-13T18:14:39","date_gmt":"2023-01-13T22:14:39","guid":{"rendered":"http:\/\/diariodominicano.com\/?p=409135"},"modified":"2023-01-13T18:14:39","modified_gmt":"2023-01-13T22:14:39","slug":"pn-reporta-apreso-a-cinco-personas-por-la-comision-de-varios-hechos-ilicitos-en-santiago","status":"publish","type":"post","link":"https:\/\/diariodominicano.com\/?p=409135","title":{"rendered":"PN reporta apres\u00f3 a cinco personas por la comisi\u00f3n de varios hechos il\u00edcitos en Santiago"},"content":{"rendered":"\n<p><\/p>\n\n\n\n<figure class=\"wp-block-image size-full\"><img loading=\"lazy\" decoding=\"async\" width=\"244\" height=\"184\" src=\"https:\/\/diariodominicano.com\/wp-content\/uploads\/2023\/01\/Santiago-pistpla-ocupada.png\" alt=\"\" class=\"wp-image-409137\"\/><\/figure>\n\n\n\n<p>Al grupo les ocupa, arma de fuego ilegal, dinero en efectivo y drogas entre otros efectos sustra\u00eddos.-<\/p>\n\n\n\n<p>Santiago de Los Caballeros, 13 de Enero del 2023. Tras continuar fortaleciendo la seguridad ciudadana, bajo las instrucciones de nuestro director general, mayor general Eduardo Alberto Then, La Polic\u00eda Nacional de Santiago, inform\u00f3 el viernes que  apres\u00f3 a cinco personas por la comisi\u00f3n de varios delitos, mediante intervenciones focalizadas en diferentes barrios y sectores de esta ciudad.<\/p>\n\n\n\n<p>Entre los prevenidos figuran, Juan Ariel V\u00e1squez Rosario (El Viejo), 50 a\u00f1os de edad, quien fue apresado momentos en que caminaba por la C\/16 de Agosto del Centro Hist\u00f3rico de esta ciudad, con una bater\u00eda en sus manos, la cual se la hab\u00eda sustra\u00eddo &nbsp;a un veh\u00edculo que se encontraba estacionado en la zona.<\/p>\n\n\n\n<p>Adem\u00e1s result\u00f3 apresado Cristian Luis Acevedo, en flagrante delito, intentando sustraer varias mercanc\u00edas de un establecimiento comercial ubicado en la avenida Estrella Sadhal\u00e1, sector Los Salados.<\/p>\n\n\n\n<p>En otro hecho, fue detenido el nombrado Brayan Rafael Checo Santos de 20 a\u00f1os, momento en que este transitaba a bordo una &nbsp;motocicleta por la calle 11 del sector Ensanche Libertad, ocup\u00e1ndole 15 porciones de un vegetal verde presumiblemente marihuana y la suma de $6,175 pesos.<\/p>\n\n\n\n<p>Otro apresado es Epifanio De Jes\u00fas Ortiz V\u00edctor, (El Gordo)\u201d, &nbsp;de 38 a\u00f1os, momento en que transitaba a bordo de un veh\u00edculo en el Centro de la ciudad, quien al ser requisado, se le ocup\u00f3 la pistola marca Glock, calibre 9 mil\u00edmetros, serie no. BEGV564, con su cargador y 7 c\u00e1psulas para la misma, sin ning\u00fan tipo de documentos.<\/p>\n\n\n\n<p>Tambi\u00e9n fue detenido mediante orden de arresto no. 10733-2022, en el sector la Yaguita de Pastor, Raylin Feble apodado Capital de 29 a\u00f1os, por el hecho de este haber amenazado con un arma blanca y despojado de su celular a un ciudadano.<\/p>\n\n\n\n<p>Por \u00faltimo, fue recuperada por miembros de la Polic\u00eda Preventiva la motocicleta Bajaj, modelo Platina 100 DRL, chasis no. MD2A76AY9LWK48721, la misma al ser depurada en nuestro sistema &nbsp;figura con denuncia como sustra\u00edda.<\/p>\n\n\n\n<p>Los &nbsp;detenidos y lo ocupado se encuentran bajo el poder del Ministerio Publico para los fines procedentes de ley.<\/p>\n\n\n\n<p>OFICINA DE INFORMACI\u00d3N Y COMUNICACIONES ESTRAT\u00c9GICAS DIRECCI\u00d3N REGIONAL CIBAO CENTRAL DE LA POLIC\u00cdA NACIONAL.<\/p>\n","protected":false},"excerpt":{"rendered":"<p>Al grupo les ocupa, arma de fuego ilegal, dinero en efectivo y drogas entre otros efectos sustra\u00eddos.- Santiago de Los Caballeros, 13 de Enero del 2023. Tras continuar fortaleciendo la seguridad ciudadana, bajo las instrucciones de nuestro director general, mayor general Eduardo Alberto Then, La Polic\u00eda Nacional de Santiago, inform\u00f3 el viernes que apres\u00f3 a [&hellip;]<\/p>\n","protected":false},"author":28,"featured_media":409136,"comment_status":"closed","ping_status":"","sticky":true,"template":"","format":"standard","meta":{"footnotes":""},"categories":[29,27],"tags":[],"class_list":["post-409135","post","type-post","status-publish","format-standard","has-post-thumbnail","hentry","category-policiasucesos","category-portada"],"_links":{"self":[{"href":"https:\/\/diariodominicano.com\/index.php?rest_route=\/wp\/v2\/posts\/409135","targetHints":{"allow":["GET"]}}],"collection":[{"href":"https:\/\/diariodominicano.com\/index.php?rest_route=\/wp\/v2\/posts"}],"about":[{"href":"https:\/\/diariodominicano.com\/index.php?rest_route=\/wp\/v2\/types\/post"}],"author":[{"embeddable":true,"href":"https:\/\/diariodominicano.com\/index.php?rest_route=\/wp\/v2\/users\/28"}],"replies":[{"embeddable":true,"href":"https:\/\/diariodominicano.com\/index.php?rest_route=%2Fwp%2Fv2%2Fcomments&post=409135"}],"version-history":[{"count":1,"href":"https:\/\/diariodominicano.com\/index.php?rest_route=\/wp\/v2\/posts\/409135\/revisions"}],"predecessor-version":[{"id":409138,"href":"https:\/\/diariodominicano.com\/index.php?rest_route=\/wp\/v2\/posts\/409135\/revisions\/409138"}],"wp:featuredmedia":[{"embeddable":true,"href":"https:\/\/diariodominicano.com\/index.php?rest_route=\/wp\/v2\/media\/409136"}],"wp:attachment":[{"href":"https:\/\/diariodominicano.com\/index.php?rest_route=%2Fwp%2Fv2%2Fmedia&parent=409135"}],"wp:term":[{"taxonomy":"category","embeddable":true,"href":"https:\/\/diariodominicano.com\/index.php?rest_route=%2Fwp%2Fv2%2Fcategories&post=409135"},{"taxonomy":"post_tag","embeddable":true,"href":"https:\/\/diariodominicano.com\/index.php?rest_route=%2Fwp%2Fv2%2Ftags&post=409135"}],"curies":[{"name":"wp","href":"https:\/\/api.w.org\/{rel}","templated":true}]}}