{"id":409128,"date":"2023-01-13T18:03:08","date_gmt":"2023-01-13T22:03:08","guid":{"rendered":"http:\/\/diariodominicano.com\/?p=409128"},"modified":"2023-01-13T18:03:08","modified_gmt":"2023-01-13T22:03:08","slug":"policia-nacional-captura-uno-de-cuatro-hombres-tras-despojar-a-un-ciudadano-de-sus-pertenencias-e-intentaran-asaltar-una-agente-policial","status":"publish","type":"post","link":"https:\/\/diariodominicano.com\/?p=409128","title":{"rendered":"Polic\u00eda Nacional captura\u00a0\u00a0uno de cuatro hombres, tras\u00a0\u00a0despojar a un ciudadano de sus pertenencias e intentar\u00e1n asaltar una agente policial"},"content":{"rendered":"\n<p><\/p>\n\n\n\n<p>Santiago RD, 13 de enero 2023.- Polic\u00eda Nacional inform\u00f3 el viernes que captur\u00f3\u00a0\u00a0uno de\u00a0\u00a0cuatro asaltantes momentos en que le daban seguimiento luego de que realizar\u00e1n un atraco a mano armada e intentar\u00e1n asaltar una miembro de la instituci\u00f3n del orden p\u00fablico, en un hecho registrado la ma\u00f1ana\u00a0\u00a0de hoy en el distrito municipal\u00a0\u00a0de Jacagua.<\/p>\n\n\n\n<p>El detenido es Yoscal Manuel Pe\u00f1a Pe\u00f1a, quien en medio de un enfrentamiento con una unidad policial, resultar\u00e1 con herida en la pierna izquierda en acci\u00f3n legal, emprendido la huida los otros tres.<\/p>\n\n\n\n<p>El hecho se produjo momentos en que los cuatro desaprensivos a bordo del veh\u00edculo Hyundai Sonata y20, color gris,&nbsp;&nbsp;placa A860030, despojar\u00e1n a un ciudadano de su celular y su motocicleta e intentar\u00e1n asaltar una cabo de la Polic\u00eda, quien se encontraba haciendo ejercicios f\u00edsicos en la referida&nbsp;&nbsp;zona.<\/p>\n\n\n\n<p>La Polic\u00eda en conjunto con la fiscal\u00eda trabaja en la b\u00fasqueda e identificaci\u00f3n de los dem\u00e1s implicados para apresarlo y someterlo a la acci\u00f3n de la justicia, mediante las \u00f3rdenes de arrestos nos. 10001-2023000543 y 10001-2023-000538.<\/p>\n\n\n\n<p>El apresado y el veh\u00edculo en menci\u00f3n,&nbsp;&nbsp;en las pr\u00f3ximas horas ser\u00e1n enviados a la disposici\u00f3n de la justicia para los fines correspondientes de ley.<\/p>\n\n\n\n<p>OFICINA DE INFORMACI\u00d3N Y COMUNICACIONES ESTRAT\u00c9GICAS DIRECCI\u00d3N REGIONAL CIBAO CENTRAL DE LA POLIC\u00cdA NACIONAL.<\/p>\n","protected":false},"excerpt":{"rendered":"<p>Santiago RD, 13 de enero 2023.- Polic\u00eda Nacional inform\u00f3 el viernes que captur\u00f3\u00a0\u00a0uno de\u00a0\u00a0cuatro asaltantes momentos en que le daban seguimiento luego de que realizar\u00e1n un atraco a mano armada e intentar\u00e1n asaltar una miembro de la instituci\u00f3n del orden p\u00fablico, en un hecho registrado la ma\u00f1ana\u00a0\u00a0de hoy en el distrito municipal\u00a0\u00a0de Jacagua. El detenido [&hellip;]<\/p>\n","protected":false},"author":28,"featured_media":409129,"comment_status":"closed","ping_status":"","sticky":true,"template":"","format":"standard","meta":{"footnotes":""},"categories":[29,27],"tags":[],"class_list":["post-409128","post","type-post","status-publish","format-standard","has-post-thumbnail","hentry","category-policiasucesos","category-portada"],"_links":{"self":[{"href":"https:\/\/diariodominicano.com\/index.php?rest_route=\/wp\/v2\/posts\/409128","targetHints":{"allow":["GET"]}}],"collection":[{"href":"https:\/\/diariodominicano.com\/index.php?rest_route=\/wp\/v2\/posts"}],"about":[{"href":"https:\/\/diariodominicano.com\/index.php?rest_route=\/wp\/v2\/types\/post"}],"author":[{"embeddable":true,"href":"https:\/\/diariodominicano.com\/index.php?rest_route=\/wp\/v2\/users\/28"}],"replies":[{"embeddable":true,"href":"https:\/\/diariodominicano.com\/index.php?rest_route=%2Fwp%2Fv2%2Fcomments&post=409128"}],"version-history":[{"count":1,"href":"https:\/\/diariodominicano.com\/index.php?rest_route=\/wp\/v2\/posts\/409128\/revisions"}],"predecessor-version":[{"id":409130,"href":"https:\/\/diariodominicano.com\/index.php?rest_route=\/wp\/v2\/posts\/409128\/revisions\/409130"}],"wp:featuredmedia":[{"embeddable":true,"href":"https:\/\/diariodominicano.com\/index.php?rest_route=\/wp\/v2\/media\/409129"}],"wp:attachment":[{"href":"https:\/\/diariodominicano.com\/index.php?rest_route=%2Fwp%2Fv2%2Fmedia&parent=409128"}],"wp:term":[{"taxonomy":"category","embeddable":true,"href":"https:\/\/diariodominicano.com\/index.php?rest_route=%2Fwp%2Fv2%2Fcategories&post=409128"},{"taxonomy":"post_tag","embeddable":true,"href":"https:\/\/diariodominicano.com\/index.php?rest_route=%2Fwp%2Fv2%2Ftags&post=409128"}],"curies":[{"name":"wp","href":"https:\/\/api.w.org\/{rel}","templated":true}]}}