{"id":409077,"date":"2023-01-13T10:43:54","date_gmt":"2023-01-13T14:43:54","guid":{"rendered":"http:\/\/diariodominicano.com\/?p=409077"},"modified":"2023-01-13T10:43:54","modified_gmt":"2023-01-13T14:43:54","slug":"trabaja-en-la-identificacion-de-otros-dos-implicados","status":"publish","type":"post","link":"https:\/\/diariodominicano.com\/?p=409077","title":{"rendered":"Trabaja en la identificaci\u00f3n de otros dos implicados"},"content":{"rendered":"\n<p>diariodominicano.com<\/p>\n\n\n\n<p>Santiago RD, 13 de Enero 2023.- Una f\u00e9mina apresada por agentes policiales momentos en que junto a otras dos personas en proceso de investigaci\u00f3n, despojaron a var\u00edas personas de sus pertenencias en un establecimiento comercial, ubicado en la Avenida las Colinas, ocup\u00e1ndole cuatro tel\u00e9fonos durante su detenci\u00f3n.<\/p>\n\n\n\n<p>La detenida es Yanneris Almonte Osor\u00eda, alias \u201cLa Rubia\u201d de 21 a\u00f1os de edad, quien fue apresada mediante persecuci\u00f3n policial, a bordo del vehiculo, Hyundai Sonata &nbsp;Y20, color blanco, placa no. A921136.<\/p>\n\n\n\n<p>Al momento de la detenci\u00f3n, le fueron ocupados cuatro celulares, pertenecientes a las v\u00edctimas, la misma al ser cuestionada por agentes investigativos, manifest\u00f3 haber cometido dicho acto il\u00edcito juntos a otros dos personas, adem\u00e1s dijo que le entreg\u00f3 los dem\u00e1s bienes a sus acompa\u00f1antes quienes emprendieron la huida.<\/p>\n\n\n\n<p>La Polic\u00eda trabaja en la identificaci\u00f3n de los otros dos implicados para apresarlo y someterlo a la justicia.<\/p>\n\n\n\n<p>En cuanto a la detenida y las evidencias ocupadas se encuentran bajo el poder del Ministerio P\u00fablico para los fines de ley correspondientes.<\/p>\n\n\n\n<p>Fuente:  OFICINA DE INFORMACI\u00d3N Y COMUNICACIONES ESTRAT\u00c9GICAS DIRECCI\u00d3N REGIONAL CIBAO CENTRAL DE LA POLIC\u00cdA NACIONAL<\/p>\n","protected":false},"excerpt":{"rendered":"<p>diariodominicano.com Santiago RD, 13 de Enero 2023.- Una f\u00e9mina apresada por agentes policiales momentos en que junto a otras dos personas en proceso de investigaci\u00f3n, despojaron a var\u00edas personas de sus pertenencias en un establecimiento comercial, ubicado en la Avenida las Colinas, ocup\u00e1ndole cuatro tel\u00e9fonos durante su detenci\u00f3n. La detenida es Yanneris Almonte Osor\u00eda, alias [&hellip;]<\/p>\n","protected":false},"author":5,"featured_media":409078,"comment_status":"closed","ping_status":"","sticky":true,"template":"","format":"standard","meta":{"footnotes":""},"categories":[29,27],"tags":[],"class_list":["post-409077","post","type-post","status-publish","format-standard","has-post-thumbnail","hentry","category-policiasucesos","category-portada"],"_links":{"self":[{"href":"https:\/\/diariodominicano.com\/index.php?rest_route=\/wp\/v2\/posts\/409077","targetHints":{"allow":["GET"]}}],"collection":[{"href":"https:\/\/diariodominicano.com\/index.php?rest_route=\/wp\/v2\/posts"}],"about":[{"href":"https:\/\/diariodominicano.com\/index.php?rest_route=\/wp\/v2\/types\/post"}],"author":[{"embeddable":true,"href":"https:\/\/diariodominicano.com\/index.php?rest_route=\/wp\/v2\/users\/5"}],"replies":[{"embeddable":true,"href":"https:\/\/diariodominicano.com\/index.php?rest_route=%2Fwp%2Fv2%2Fcomments&post=409077"}],"version-history":[{"count":1,"href":"https:\/\/diariodominicano.com\/index.php?rest_route=\/wp\/v2\/posts\/409077\/revisions"}],"predecessor-version":[{"id":409079,"href":"https:\/\/diariodominicano.com\/index.php?rest_route=\/wp\/v2\/posts\/409077\/revisions\/409079"}],"wp:featuredmedia":[{"embeddable":true,"href":"https:\/\/diariodominicano.com\/index.php?rest_route=\/wp\/v2\/media\/409078"}],"wp:attachment":[{"href":"https:\/\/diariodominicano.com\/index.php?rest_route=%2Fwp%2Fv2%2Fmedia&parent=409077"}],"wp:term":[{"taxonomy":"category","embeddable":true,"href":"https:\/\/diariodominicano.com\/index.php?rest_route=%2Fwp%2Fv2%2Fcategories&post=409077"},{"taxonomy":"post_tag","embeddable":true,"href":"https:\/\/diariodominicano.com\/index.php?rest_route=%2Fwp%2Fv2%2Ftags&post=409077"}],"curies":[{"name":"wp","href":"https:\/\/api.w.org\/{rel}","templated":true}]}}