{"id":408795,"date":"2023-01-11T23:26:38","date_gmt":"2023-01-12T03:26:38","guid":{"rendered":"http:\/\/diariodominicano.com\/?p=408795"},"modified":"2023-01-11T23:26:38","modified_gmt":"2023-01-12T03:26:38","slug":"condenan-a-15-anos-de-prision-a-un-hombre-por-agredir-y-atracar-a-un-comerciante-en-el-barrio-mejoramiento-social","status":"publish","type":"post","link":"https:\/\/diariodominicano.com\/?p=408795","title":{"rendered":"Condenan a  15 a\u00f1os de prisi\u00f3n a un hombre por agredir y atracar a un comerciante en el barrio Mejoramiento Social"},"content":{"rendered":"\n<p>(archivo) Barrio Mejoramiento Social.<\/p>\n\n\n\n<p><strong>Dictan 15 a\u00f1os de prisi\u00f3n a hombre por agredir y atracar un comerciante en el barrio Mejoramiento Social<\/strong><\/p>\n\n\n\n<p>SANTO DOMINGO (Rep\u00fablica Dominicana).- El Ministerio P\u00fablico obtuvo una condena a 15 a\u00f1os de prisi\u00f3n contra un hombre que en 2020 atrac\u00f3 y provoc\u00f3 lesiones f\u00edsicas a un comerciante en el sector Mejoramiento Social.<\/p>\n\n\n\n<p>Joel Antol\u00edn Lontox fue condenado a 15 a\u00f1os de prisi\u00f3n por los jueces del&nbsp; Cuarto Tribunal Colegiado del Distrito Nacional, quienes lo hallaron culpable del delito de robo con violencia en perjuicio de Ignacio Emmanuel P\u00e9rez Berig\u00fcete.<\/p>\n\n\n\n<p>El acta de acusaci\u00f3n establece que la madrugada del 21 de agosto de 2020, el agresor entr\u00f3 al colmado propiedad de la v\u00edctima, ubicado en la calle Domingo Moreno Jim\u00e9nez del referido sector, y se le acerc\u00f3 con un cuchillo en manos con la intenci\u00f3n de atracarlo.<\/p>\n\n\n\n<p>El hoy condenado le propin\u00f3 al comerciante varios pu\u00f1etazos, con los que lo derrib\u00f3 al piso y le ocasion\u00f3 traumas craneoencef\u00e1licos, seg\u00fan certificaci\u00f3n del m\u00e9dico legista actuante en el caso.<\/p>\n\n\n\n<p>Tratando de huir, el hoy condenado se refugi\u00f3 en una farmacia, donde fue acorralado por vecinos, quienes posteriormente lo entregaron a la polic\u00eda.<\/p>\n\n\n\n<p>Durante el juicio, la fiscal litigante Catalina Bueno present\u00f3 todas las evidencias y las pruebas documentales, periciales y testimoniales con las que demostr\u00f3 la culpabilidad del procesado en los hechos imputados.<\/p>\n\n\n\n<p>El Ministerio P\u00fablico demostr\u00f3 que las acciones de Joel Antol\u00edn Lontox constituyen violaci\u00f3n a los art\u00edculos 2, 379 y 382 del C\u00f3digo Penal, sobre intento de robo con violencia, y los art\u00edculos 83 y 86 de la Ley 631-16, para el Control y Regulaci\u00f3n Armas, Municiones y Materiales Relacionados.<\/p>\n\n\n\n<p>Joel Antol\u00edn Lontox deber\u00e1 cumplir la pena en el centro de privaci\u00f3n de libertad La Victoria, donde se encuentra desde que el Juzgado de Atenci\u00f3n Permanente del Distrito Nacional le impuso prisi\u00f3n preventiva como medida de coerci\u00f3n.<\/p>\n\n\n\n<p><strong>Direcci\u00f3n de Comunicaci\u00f3n y Prensa<\/strong><\/p>\n\n\n\n<p><strong>Procuradur\u00eda General-Ministerio P\u00fablico RD<\/strong><\/p>\n\n\n\n<p><strong>Mi\u00e9rcoles, 11 de enero de 2023.<\/strong><\/p>\n","protected":false},"excerpt":{"rendered":"<p>(archivo) Barrio Mejoramiento Social. Dictan 15 a\u00f1os de prisi\u00f3n a hombre por agredir y atracar un comerciante en el barrio Mejoramiento Social SANTO DOMINGO (Rep\u00fablica Dominicana).- El Ministerio P\u00fablico obtuvo una condena a 15 a\u00f1os de prisi\u00f3n contra un hombre que en 2020 atrac\u00f3 y provoc\u00f3 lesiones f\u00edsicas a un comerciante en el sector Mejoramiento [&hellip;]<\/p>\n","protected":false},"author":28,"featured_media":308233,"comment_status":"closed","ping_status":"","sticky":true,"template":"","format":"standard","meta":{"footnotes":""},"categories":[24,29,27],"tags":[],"class_list":["post-408795","post","type-post","status-publish","format-standard","has-post-thumbnail","hentry","category-justicia-y-derecho","category-policiasucesos","category-portada"],"_links":{"self":[{"href":"https:\/\/diariodominicano.com\/index.php?rest_route=\/wp\/v2\/posts\/408795","targetHints":{"allow":["GET"]}}],"collection":[{"href":"https:\/\/diariodominicano.com\/index.php?rest_route=\/wp\/v2\/posts"}],"about":[{"href":"https:\/\/diariodominicano.com\/index.php?rest_route=\/wp\/v2\/types\/post"}],"author":[{"embeddable":true,"href":"https:\/\/diariodominicano.com\/index.php?rest_route=\/wp\/v2\/users\/28"}],"replies":[{"embeddable":true,"href":"https:\/\/diariodominicano.com\/index.php?rest_route=%2Fwp%2Fv2%2Fcomments&post=408795"}],"version-history":[{"count":1,"href":"https:\/\/diariodominicano.com\/index.php?rest_route=\/wp\/v2\/posts\/408795\/revisions"}],"predecessor-version":[{"id":408796,"href":"https:\/\/diariodominicano.com\/index.php?rest_route=\/wp\/v2\/posts\/408795\/revisions\/408796"}],"wp:featuredmedia":[{"embeddable":true,"href":"https:\/\/diariodominicano.com\/index.php?rest_route=\/wp\/v2\/media\/308233"}],"wp:attachment":[{"href":"https:\/\/diariodominicano.com\/index.php?rest_route=%2Fwp%2Fv2%2Fmedia&parent=408795"}],"wp:term":[{"taxonomy":"category","embeddable":true,"href":"https:\/\/diariodominicano.com\/index.php?rest_route=%2Fwp%2Fv2%2Fcategories&post=408795"},{"taxonomy":"post_tag","embeddable":true,"href":"https:\/\/diariodominicano.com\/index.php?rest_route=%2Fwp%2Fv2%2Ftags&post=408795"}],"curies":[{"name":"wp","href":"https:\/\/api.w.org\/{rel}","templated":true}]}}