{"id":40871,"date":"2019-12-11T01:56:48","date_gmt":"2019-12-11T01:56:48","guid":{"rendered":"http:\/\/diariodominicano.ddns.net\/?p=40871"},"modified":"2019-12-11T01:56:48","modified_gmt":"2019-12-11T01:56:48","slug":"a-pleno-solel-muro-para-que","status":"publish","type":"post","link":"https:\/\/diariodominicano.com\/?p=40871","title":{"rendered":"A Pleno Sol&#13;&#13;El muro: \u00bfPara qu\u00e9?"},"content":{"rendered":"<p><body><\/p>\n<p><strong>Diariodominicano.com<\/strong><\/p>\n<\/p>\n<p>Por Manuel Hern\u00e1ndez Villeta<\/p>\n<\/p>\n<\/p>\n<p>El muro no es la soluci\u00f3n. La defensa de nuestro territorio, no puede ser llevado a acciones   de levantar barreras. La frontera tiene que ser defendida como parte de la integridad nacional, y para ello no es necesario levantar una pared de hormig\u00f3n.<\/p>\n<\/p>\n<p>La migraci\u00f3n ilegal haitiana se produce porque hay oferta y demanda de sectores dominicanos. Los haitianos que llegan indocumentados en poco tiempo consiguen trabajo. Son la mano de hierro de la agro-industria y de la construcci\u00f3n.<\/p>\n<\/p>\n<p>El haitiano ilegal es aceptado en las industrias del campo y de la edificaci\u00f3n de torres, porque es una mano de obra barata, que cobra cheles, muy por debajo de lo que exigir\u00eda un pe\u00f3n dominicano.<\/p>\n<\/p>\n<p>Hay un mercado tambi\u00e9n que se encarga de sacar haitianos desde su pa\u00eds, y entrarlos a la Rep\u00fablica Dominicana. Eso no se va a  terminar con un muro. Nuestras leyes y nuestra Constituci\u00f3n hablan bien claro de los l\u00edmites territoriales y de nuestra soberan\u00eda. Solo hay que hacerlo respetar.<\/p>\n<\/p>\n<p>El mundo de hoy no est\u00e1 estructurado para tener muros. Son odiosos, y rechazados por la comunidad internacional. No es que tengamos fronteras abiertas, pero tampoco levantando un absurdo en el siglo 21. Creo que todos los haitianos ilegales, tienen inmediatamente que ser recogidos y repatriados a su pa\u00eds.<\/p>\n<\/p>\n<p>Para ello no hay que construir muros, sino hacer valer nuestro derecho. Si hoy hay fragilidad en las medidas de control de la ilegalidad haitiana, nada puede asegurar que el muro va a evitar que entren los indocumentados.<\/p>\n<\/p>\n<p>Los muros siempre han servido para levantar ideas de odios, de racismo, de intolerancia. Nuestra lucha contra los ilegales no es de odio, no es de intolerancia, no es de racismo, es de defensa a nuestro derecho soberano a no permitir ilegales en nuestro territorio.<\/p>\n<\/p>\n<p>El muro es una idea divisionista de las grandes potencias, que quieren que los problemas haitianos recaigan sobre las espaldas de los dominicanos. Establecer muros, y disponer de campamentos de refugiados en el territorio nacional, es una mala ecuaci\u00f3n.<\/p>\n<\/p>\n<p>Cualquier m\u00e9todo que se emplee en la lucha contra los ilegales, tiene nuestro respaldo, bajo una sola condici\u00f3n, que nunca se violen los derechos humanos, sea individual o en colectivo. Podemos ser solidarios con Hait\u00ed, pero sin permitir la entrada masiva de haitianos.<\/p>\n<\/p>\n<p>El muro ser\u00e1 un gasto innecesario, porque no fallan las barreras naturales que dividen a la frontera, sino los hombres, con sus fragilidades y sus pasiones. Hay que reforzar la conciencia, la moral, la dominicanidad, y leer y actuar de acuerdo a lo que manda nuestra  Constituci\u00f3n. Rectitud y firmeza en aplicar las leyes de migraci\u00f3n es el mejor muro. Dejemos a un lado la pared de hormig\u00f3n. \u00a1Ay!, se me acab\u00f3 la tinta.<\/p>\n<\/p>\n<h6> 2019-12-11 01:56:48 <\/h6>\n<p><!--\n<link rel=\"stylesheet\" href=\"css\/bootstrap.min.css\">\n\n\n<ul class=\"pagination\">\n\t    \n\t\n\n<li >\n\t<a href='?page_no=403'>Previous<\/a>\n\t<\/li>\n\n\n       \n    \n\n<li><a href='?page_no=1'>1<\/a><\/li>\n\n\n\n<li><a href='?page_no=2'>2<\/a><\/li>\n\n\n\n<li><a>...<\/a><\/li>\n\n\n\n<li><a href='?page_no=402'>402<\/a><\/li>\n\n\n\n<li><a href='?page_no=403'>403<\/a><\/li>\n\n\n\n<li class='active'><a>404<\/a><\/li>\n\n\n\n<li><a href='?page_no=405'>405<\/a><\/li>\n\n\n\n<li><a href='?page_no=406'>406<\/a><\/li>\n\n\n\n<li><a>...<\/a><\/li>\n\n\n\n<li><a href='?page_no=13611'>13611<\/a><\/li>\n\n\n\n<li><a href='?page_no=13612'>13612<\/a><\/li>\n\n    \n\t\n\n<li >\n\t<a href='?page_no=405'>Next<\/a>\n\t<\/li>\n\n\n    \n\n<li><a href='?page_no=13612'>Last &rsaquo;&rsaquo;<\/a><\/li>\n\n<\/ul>\n\n\n--><br \/>\n<\/body><\/p>\n","protected":false},"excerpt":{"rendered":"<p>Diariodominicano.com Por Manuel Hern\u00e1ndez Villeta El muro no es la soluci\u00f3n. La defensa de nuestro territorio, no puede ser llevado a acciones de levantar barreras. La frontera tiene que ser defendida como parte de la integridad nacional, y para ello no es necesario levantar una pared de hormig\u00f3n. La migraci\u00f3n ilegal haitiana se produce porque [&hellip;]<\/p>\n","protected":false},"author":3,"featured_media":0,"comment_status":"open","ping_status":"open","sticky":false,"template":"","format":"standard","meta":{"footnotes":""},"categories":[16],"tags":[],"class_list":["post-40871","post","type-post","status-publish","format-standard","hentry","category-opiniones"],"_links":{"self":[{"href":"https:\/\/diariodominicano.com\/index.php?rest_route=\/wp\/v2\/posts\/40871","targetHints":{"allow":["GET"]}}],"collection":[{"href":"https:\/\/diariodominicano.com\/index.php?rest_route=\/wp\/v2\/posts"}],"about":[{"href":"https:\/\/diariodominicano.com\/index.php?rest_route=\/wp\/v2\/types\/post"}],"author":[{"embeddable":true,"href":"https:\/\/diariodominicano.com\/index.php?rest_route=\/wp\/v2\/users\/3"}],"replies":[{"embeddable":true,"href":"https:\/\/diariodominicano.com\/index.php?rest_route=%2Fwp%2Fv2%2Fcomments&post=40871"}],"version-history":[{"count":0,"href":"https:\/\/diariodominicano.com\/index.php?rest_route=\/wp\/v2\/posts\/40871\/revisions"}],"wp:attachment":[{"href":"https:\/\/diariodominicano.com\/index.php?rest_route=%2Fwp%2Fv2%2Fmedia&parent=40871"}],"wp:term":[{"taxonomy":"category","embeddable":true,"href":"https:\/\/diariodominicano.com\/index.php?rest_route=%2Fwp%2Fv2%2Fcategories&post=40871"},{"taxonomy":"post_tag","embeddable":true,"href":"https:\/\/diariodominicano.com\/index.php?rest_route=%2Fwp%2Fv2%2Ftags&post=40871"}],"curies":[{"name":"wp","href":"https:\/\/api.w.org\/{rel}","templated":true}]}}