{"id":408680,"date":"2023-01-11T13:01:33","date_gmt":"2023-01-11T17:01:33","guid":{"rendered":"http:\/\/diariodominicano.com\/?p=408680"},"modified":"2023-01-11T13:01:33","modified_gmt":"2023-01-11T17:01:33","slug":"pn-apresa-hombre-por-robo-de-piezas-de-aires-acondicionados-del-palacio-de-justicia-en-santiago","status":"publish","type":"post","link":"https:\/\/diariodominicano.com\/?p=408680","title":{"rendered":"PN apresa hombre por robo de piezas de aires acondicionados del palacio de justicia en Santiago"},"content":{"rendered":"\n<p>diariodominicano.com<\/p>\n\n\n\n<p><strong>Santiago, R.D. 11 de\u00a0\u00a0Enero del 2023.-<\/strong>\u00a0Agentes de la Polic\u00eda Preventiva apresaron un hombre en flagrante delito, momentos en que se encontraba sustrayendo varias piezas de aires acondicionados propiedad del palacio de justicia de esta ciudad.<\/p>\n\n\n\n<p>El prevenido es Edward de Jes\u00fas Brito apodado el Bruto de 26 a\u00f1os, quien junto a un tal \u201cEl Cojo\u201d, (pr\u00f3fugo), quienes sustrajeron varios filtros y tuber\u00edas de cobre de los aires acondicionados de dicho palacio.<\/p>\n\n\n\n<p>Al momento de la detenci\u00f3n de Jes\u00fas Brito se le ocup\u00f3, dos filtros, quien manifest\u00f3 que las tuber\u00edas faltantes, se las llev\u00f3 consigo el tal Cojo, emprendiendo la huida al notar la presencia policial, a quien la Polic\u00eda activa su localizaci\u00f3n.<\/p>\n\n\n\n<p>En cuanto al detenido y lo ocupado ser\u00e1n enviados al departamento correspondiente en las pr\u00f3ximas horas.<\/p>\n\n\n\n<p>Fuente:  <strong>OFICINA DE INFORMACI\u00d3N Y COMUNICACIONES ESTRAT\u00c9GICAS DIRECCI\u00d3N REGIONAL CIBAO CENTRAL DE LA POLIC\u00cdA NACIONAL.<\/strong><\/p>\n","protected":false},"excerpt":{"rendered":"<p>diariodominicano.com Santiago, R.D. 11 de\u00a0\u00a0Enero del 2023.-\u00a0Agentes de la Polic\u00eda Preventiva apresaron un hombre en flagrante delito, momentos en que se encontraba sustrayendo varias piezas de aires acondicionados propiedad del palacio de justicia de esta ciudad. El prevenido es Edward de Jes\u00fas Brito apodado el Bruto de 26 a\u00f1os, quien junto a un tal \u201cEl [&hellip;]<\/p>\n","protected":false},"author":5,"featured_media":408681,"comment_status":"closed","ping_status":"","sticky":true,"template":"","format":"standard","meta":{"footnotes":""},"categories":[29,27],"tags":[],"class_list":["post-408680","post","type-post","status-publish","format-standard","has-post-thumbnail","hentry","category-policiasucesos","category-portada"],"_links":{"self":[{"href":"https:\/\/diariodominicano.com\/index.php?rest_route=\/wp\/v2\/posts\/408680","targetHints":{"allow":["GET"]}}],"collection":[{"href":"https:\/\/diariodominicano.com\/index.php?rest_route=\/wp\/v2\/posts"}],"about":[{"href":"https:\/\/diariodominicano.com\/index.php?rest_route=\/wp\/v2\/types\/post"}],"author":[{"embeddable":true,"href":"https:\/\/diariodominicano.com\/index.php?rest_route=\/wp\/v2\/users\/5"}],"replies":[{"embeddable":true,"href":"https:\/\/diariodominicano.com\/index.php?rest_route=%2Fwp%2Fv2%2Fcomments&post=408680"}],"version-history":[{"count":1,"href":"https:\/\/diariodominicano.com\/index.php?rest_route=\/wp\/v2\/posts\/408680\/revisions"}],"predecessor-version":[{"id":408682,"href":"https:\/\/diariodominicano.com\/index.php?rest_route=\/wp\/v2\/posts\/408680\/revisions\/408682"}],"wp:featuredmedia":[{"embeddable":true,"href":"https:\/\/diariodominicano.com\/index.php?rest_route=\/wp\/v2\/media\/408681"}],"wp:attachment":[{"href":"https:\/\/diariodominicano.com\/index.php?rest_route=%2Fwp%2Fv2%2Fmedia&parent=408680"}],"wp:term":[{"taxonomy":"category","embeddable":true,"href":"https:\/\/diariodominicano.com\/index.php?rest_route=%2Fwp%2Fv2%2Fcategories&post=408680"},{"taxonomy":"post_tag","embeddable":true,"href":"https:\/\/diariodominicano.com\/index.php?rest_route=%2Fwp%2Fv2%2Ftags&post=408680"}],"curies":[{"name":"wp","href":"https:\/\/api.w.org\/{rel}","templated":true}]}}