{"id":408511,"date":"2023-01-10T14:42:25","date_gmt":"2023-01-10T18:42:25","guid":{"rendered":"http:\/\/diariodominicano.com\/?p=408511"},"modified":"2023-01-10T14:42:25","modified_gmt":"2023-01-10T18:42:25","slug":"imponen-prision-de-10-anos-a-un-hombre-que-abuso-sexualmente-de-una-hija-de-cinco-anos","status":"publish","type":"post","link":"https:\/\/diariodominicano.com\/?p=408511","title":{"rendered":"Imponen prisi\u00f3n de 10 a\u00f1os a un hombre que abus\u00f3 sexualmente de una hija de cinco a\u00f1os"},"content":{"rendered":"\n<p><\/p>\n\n\n\n<p>SANTO DOMINGO (Rep\u00fablica Dominicana).-Los jueces del Tercer Tribunal Colegiado del Distrito Nacional condenaron a 10 a\u00f1os de prisi\u00f3n a un hombre acusado por el Ministerio P\u00fablico de violar sexualmente a una hija de 5 a\u00f1os de edad en el sector Mirador Norte, del Distrito Nacional.<\/p>\n\n\n\n<p>El tribunal, integrado por Vladimir Rosario, Milagros Ram\u00edrez y Leticia Mart\u00ednez, adopt\u00f3 la decisi\u00f3n al acoger en todas sus partes las pruebas documentales, periciales y testimoniales presentadas por la fiscal litigante Julia Laury V\u00e1squez, quien demostr\u00f3 la responsabilidad penal del procesado.<\/p>\n\n\n\n<p>El expediente establece que el acusado cometi\u00f3 durante un largo tiempo el delito en perjuicio de su hija, con quien resid\u00eda en una torre localizada en el citado sector, hasta que la madre de la ni\u00f1a descubri\u00f3 el hecho e hizo la denuncia.<\/p>\n\n\n\n<p>La conducta del agresor sexual fue calificada por el Ministerio P\u00fablico como \u201cincesto\u201d, delito previsto y sancionado por los art\u00edculos 332-1 y 332-2 del C\u00f3digo Penal Dominicano, as\u00ed como el art\u00edculo 396 letras B y C del C\u00f3digo para el Sistema de Protecci\u00f3n y los Derechos Fundamentales de Ni\u00f1os, Ni\u00f1as y Adolescentes (Ley 136-03).<\/p>\n\n\n\n<p><strong>Direcci\u00f3n de Comunicaci\u00f3n y Prensa<\/strong><\/p>\n\n\n\n<p><strong>Procuradur\u00eda General-Ministerio P\u00fablico RD<\/strong><\/p>\n\n\n\n<p><strong>Martes, 10 de enero de 2023.<\/strong><\/p>\n","protected":false},"excerpt":{"rendered":"<p>SANTO DOMINGO (Rep\u00fablica Dominicana).-Los jueces del Tercer Tribunal Colegiado del Distrito Nacional condenaron a 10 a\u00f1os de prisi\u00f3n a un hombre acusado por el Ministerio P\u00fablico de violar sexualmente a una hija de 5 a\u00f1os de edad en el sector Mirador Norte, del Distrito Nacional. El tribunal, integrado por Vladimir Rosario, Milagros Ram\u00edrez y Leticia [&hellip;]<\/p>\n","protected":false},"author":28,"featured_media":265615,"comment_status":"closed","ping_status":"","sticky":true,"template":"","format":"standard","meta":{"footnotes":""},"categories":[24,29,27],"tags":[],"class_list":["post-408511","post","type-post","status-publish","format-standard","has-post-thumbnail","hentry","category-justicia-y-derecho","category-policiasucesos","category-portada"],"_links":{"self":[{"href":"https:\/\/diariodominicano.com\/index.php?rest_route=\/wp\/v2\/posts\/408511","targetHints":{"allow":["GET"]}}],"collection":[{"href":"https:\/\/diariodominicano.com\/index.php?rest_route=\/wp\/v2\/posts"}],"about":[{"href":"https:\/\/diariodominicano.com\/index.php?rest_route=\/wp\/v2\/types\/post"}],"author":[{"embeddable":true,"href":"https:\/\/diariodominicano.com\/index.php?rest_route=\/wp\/v2\/users\/28"}],"replies":[{"embeddable":true,"href":"https:\/\/diariodominicano.com\/index.php?rest_route=%2Fwp%2Fv2%2Fcomments&post=408511"}],"version-history":[{"count":1,"href":"https:\/\/diariodominicano.com\/index.php?rest_route=\/wp\/v2\/posts\/408511\/revisions"}],"predecessor-version":[{"id":408512,"href":"https:\/\/diariodominicano.com\/index.php?rest_route=\/wp\/v2\/posts\/408511\/revisions\/408512"}],"wp:featuredmedia":[{"embeddable":true,"href":"https:\/\/diariodominicano.com\/index.php?rest_route=\/wp\/v2\/media\/265615"}],"wp:attachment":[{"href":"https:\/\/diariodominicano.com\/index.php?rest_route=%2Fwp%2Fv2%2Fmedia&parent=408511"}],"wp:term":[{"taxonomy":"category","embeddable":true,"href":"https:\/\/diariodominicano.com\/index.php?rest_route=%2Fwp%2Fv2%2Fcategories&post=408511"},{"taxonomy":"post_tag","embeddable":true,"href":"https:\/\/diariodominicano.com\/index.php?rest_route=%2Fwp%2Fv2%2Ftags&post=408511"}],"curies":[{"name":"wp","href":"https:\/\/api.w.org\/{rel}","templated":true}]}}