{"id":408506,"date":"2023-01-10T14:34:38","date_gmt":"2023-01-10T18:34:38","guid":{"rendered":"http:\/\/diariodominicano.com\/?p=408506"},"modified":"2023-01-10T14:35:54","modified_gmt":"2023-01-10T18:35:54","slug":"pn-cae-abatido-elreconocido-delincuente-bubuta-y-o-el-buta-enfrento-a-tiros-unidades-policiales-mediante-persecucion","status":"publish","type":"post","link":"https:\/\/diariodominicano.com\/?p=408506","title":{"rendered":"PN: Cae abatido el reconocido delincuente \u201cBubuta y\/o El Buta\u201d enfrent\u00f3 a tiros unidades policiales mediante persecuci\u00f3n"},"content":{"rendered":"\n<p><strong>Era activamente buscado mediante orden de arresto\u00a0\u00a0por herir de bala a un agente policial y por dos homicidios cometidos junto a \u00d1ify y Setenta\u00a0\u00a0a quienes la Polic\u00eda le hace un llamado de entrega.\u00a0\u00a0<\/strong><\/p>\n\n\n\n<p><strong>Santiago de los Caballeros, R.D. 10 de\u00a0\u00a0Enero del 2023.-<\/strong>\u00a0La Polic\u00eda Nacional inform\u00f3 el martes  que tras un enfrentamiento a tiros con unidades policiales mediante persecuci\u00f3n, cay\u00f3 abatido reconocido delincuente, quien era activamente perseguido por la instituci\u00f3n del orden mediante orden judicial, por herir de bala un agente policial, por dos homicidios y otros hechos il\u00edcitos cometidos en compa\u00f1\u00eda de unos tales \u00d1ify y Setenta\u00a0\u00a0(pr\u00f3fugos), en esta ciudad.<\/p>\n\n\n\n<p>En un comunicado de prensa la Polic\u00eda Nacional report\u00f3 que ha  identificado al hombre que cay\u00f3 abatido  como Wilfri Alexander Rosario Bonilla apodado Bubuta, de 18 a\u00f1os de edad, residente en la calle 7, sector El Semillero, del distrito municipal Santiago Oeste.<\/p>\n\n\n\n<p>De acuerdo al&nbsp;&nbsp;informe policial,&nbsp;&nbsp;el enfrentamiento se produjo momento en que agentes policiales se encontraban realizando labores preventivas en la referida localidad, observando al hoy occiso con actitud sospechosa, quien al notar la presencia policial emprendi\u00f3 la huida, enfrentando&nbsp;&nbsp;a tiros a los agentes actuantes, origin\u00e1ndose una persecuci\u00f3n, atrincher\u00e1ndose en una&nbsp;&nbsp;residencia, de donde continu\u00f3 realiz\u00e1ndoles disparos,&nbsp;&nbsp;repeliendo estos dicha agresi\u00f3n, resultando&nbsp;<strong>\u201cBUTUTA\u201d<\/strong>&nbsp;con las heridas que le produjeron la muerte.<\/p>\n\n\n\n<p>Al lugar del hecho se presentaron agentes de&nbsp;&nbsp;la Polic\u00eda Cient\u00edfica,&nbsp;&nbsp;colectando como evidencia dos casquillo calibre 9 mil\u00edmetros, la pistola marca Dayto,&nbsp;&nbsp;numeraci\u00f3n PF94DV2, con un cargador, con capacidad para 30 c\u00e1psulas, conteniendo tres municiones&nbsp;&nbsp;calibre 9 mil\u00edmetros, todo esto en poder del Ministerio P\u00fablico.<\/p>\n\n\n\n<p>La Polic\u00eda se\u00f1al\u00f3 que&nbsp;<strong>BUBUTA,&nbsp;<\/strong>era activamente&nbsp;buscado por ser uno de los autores de la muerte de Francisco Carlos Heke Toribio, en compa\u00f1\u00eda de unos tales \u201c<strong>\u00d1IFY y SETENTA\u201d,&nbsp;<\/strong>&nbsp;en medio de un asalto, momento en que el hoy occiso se dispon\u00eda a entregar uno accesorio de telefonos, hecho ocurrido el&nbsp;&nbsp;pasado d\u00eda cinco de este mes en curso,&nbsp;&nbsp;en la calle E, del sector Inco II, de esta Ciudad.<\/p>\n\n\n\n<h3 class=\"wp-block-heading\">Adem\u00e1s se le atribuye haber herido a un agente policial cuando se encontraba patrullando en el sector Cienfuegos y tambi\u00e9n ten\u00eda en su contra la orden de arresto 10162-2022, por asociaci\u00f3n de Malhechores y Robo,&nbsp;&nbsp;en perjuicio del se\u00f1or Alberto Antonio Arias.<\/h3>\n\n\n\n<h3 class=\"wp-block-heading\">Otro caso que se le imputa es la muerte de Emmanuel De Jesus Brito alias Manuel, cuando este intent\u00f3 impedir un asalto en el sector San Antonio el pasado 26 de diciembre del 2022, momentos en que se encontraba compartiendo bebidas alchalcoh\u00f3licas con unos amigos, siendo atacado a tiros por el hoy occiso y el&nbsp;&nbsp;tal \u00d1IFY a quien la Polic\u00eda le hace un llamado de entrega por la v\u00eda que considere pertinente al igual que al apodado SETENTA, para que respondan por los hechos que se le imputan.<\/h3>\n\n\n\n<p>En cuanto al cad\u00e1ver fue trasladado al Instituto Nacional de Ciencias Forenses (INACIF) para fines correspondientes.<\/p>\n\n\n\n<p>policia nacional<a target=\"_blank\" href=\"mailto:npolicia14@gmail.com\" rel=\"noreferrer noopener\">npolicia14@gmail.com<\/a>Abrir vista detallada<\/p>\n","protected":false},"excerpt":{"rendered":"<p>Era activamente buscado mediante orden de arresto\u00a0\u00a0por herir de bala a un agente policial y por dos homicidios cometidos junto a \u00d1ify y Setenta\u00a0\u00a0a quienes la Polic\u00eda le hace un llamado de entrega.\u00a0\u00a0 Santiago de los Caballeros, R.D. 10 de\u00a0\u00a0Enero del 2023.-\u00a0La Polic\u00eda Nacional inform\u00f3 el martes que tras un enfrentamiento a tiros con unidades [&hellip;]<\/p>\n","protected":false},"author":28,"featured_media":408509,"comment_status":"closed","ping_status":"","sticky":true,"template":"","format":"standard","meta":{"footnotes":""},"categories":[24,29,27],"tags":[],"class_list":["post-408506","post","type-post","status-publish","format-standard","has-post-thumbnail","hentry","category-justicia-y-derecho","category-policiasucesos","category-portada"],"_links":{"self":[{"href":"https:\/\/diariodominicano.com\/index.php?rest_route=\/wp\/v2\/posts\/408506","targetHints":{"allow":["GET"]}}],"collection":[{"href":"https:\/\/diariodominicano.com\/index.php?rest_route=\/wp\/v2\/posts"}],"about":[{"href":"https:\/\/diariodominicano.com\/index.php?rest_route=\/wp\/v2\/types\/post"}],"author":[{"embeddable":true,"href":"https:\/\/diariodominicano.com\/index.php?rest_route=\/wp\/v2\/users\/28"}],"replies":[{"embeddable":true,"href":"https:\/\/diariodominicano.com\/index.php?rest_route=%2Fwp%2Fv2%2Fcomments&post=408506"}],"version-history":[{"count":3,"href":"https:\/\/diariodominicano.com\/index.php?rest_route=\/wp\/v2\/posts\/408506\/revisions"}],"predecessor-version":[{"id":408510,"href":"https:\/\/diariodominicano.com\/index.php?rest_route=\/wp\/v2\/posts\/408506\/revisions\/408510"}],"wp:featuredmedia":[{"embeddable":true,"href":"https:\/\/diariodominicano.com\/index.php?rest_route=\/wp\/v2\/media\/408509"}],"wp:attachment":[{"href":"https:\/\/diariodominicano.com\/index.php?rest_route=%2Fwp%2Fv2%2Fmedia&parent=408506"}],"wp:term":[{"taxonomy":"category","embeddable":true,"href":"https:\/\/diariodominicano.com\/index.php?rest_route=%2Fwp%2Fv2%2Fcategories&post=408506"},{"taxonomy":"post_tag","embeddable":true,"href":"https:\/\/diariodominicano.com\/index.php?rest_route=%2Fwp%2Fv2%2Ftags&post=408506"}],"curies":[{"name":"wp","href":"https:\/\/api.w.org\/{rel}","templated":true}]}}