{"id":40849,"date":"2019-12-11T12:37:04","date_gmt":"2019-12-11T12:37:04","guid":{"rendered":"http:\/\/diariodominicano.ddns.net\/?p=40849"},"modified":"2019-12-11T12:37:04","modified_gmt":"2019-12-11T12:37:04","slug":"del-dolar-y-del-fantasma","status":"publish","type":"post","link":"https:\/\/diariodominicano.com\/?p=40849","title":{"rendered":"DEL D\u00d3LAR Y DEL \u00abFANTASMA\u00bb"},"content":{"rendered":"<p><body><\/p>\n<p>                                                   <strong>              <\/strong><\/p>\n<p><strong>     Por Narciso Isa Conde<\/strong><\/p>\n<\/p>\n<\/p>\n<p>Pablo Neruda describe en versos al \u00abAbogado del d\u00f3lar\u00bb:<\/p>\n<\/p>\n<p>\u00abInfierno americano, pan nuestro empapado de veneno.<\/p>\n<\/p>\n<p>Hay otra lengua de tu p\u00e9rfida fogata, el abogado criollo de la compa\u00f1\u00eda extranjera\u00bb&#8230;<\/p>\n<\/p>\n<p>\u00abEs adoptado, le ponen librea. Viste de gringo, escupe como gringo&#8230;<\/p>\n<\/p>\n<p>Tiene autom\u00f3vil, whisky, prensa, lo eligen juez y diputado, lo condecoran, es Ministro&#8230;<\/p>\n<\/p>\n<p>Lo hallareis en Puerto Lim\u00f3n, en Ciudad Trujillo, en Iquique, en Caracas, en Maracaibo, en Antofagasta, en Honduras&#8230;\u00bb<\/p>\n<\/p>\n<p>Aqu\u00ed los encontraremos en fundaciones y partidos, PRM y OPUS DEI incluidos.<\/p>\n<\/p>\n<p>Todav\u00eda&#8230;ayudando a los magnates gringos y \u00abagringados\u00bb a estafar, a desalojar nativos, a sobornar. A falsificar rezando.<\/p>\n<\/p>\n<p>Hay casos entre los casos.<\/p>\n<\/p>\n<p>\u00abHijo de gato caza rat\u00f3n\u00bb, dice el refr\u00e1n.<\/p>\n<\/p>\n<p>Ayer el pap\u00e1 con la Shell y hoy el hijo con ALBA VISI\u00d3N, engull\u00e9ndose a ANTENA LATINA.<\/p>\n<\/p>\n<p>Es heredero, pero tambi\u00e9n adoptado.<\/p>\n<\/p>\n<p>Tiene carro de lujo.<\/p>\n<\/p>\n<p>Toma vino de cava francesa en casinos automatizados, no s\u00e9 si whisky.<\/p>\n<\/p>\n<p>Juega con su suerte y pone en riesgo la suerte del patrimonio del pa\u00eds.<\/p>\n<\/p>\n<p>Plagia para exhibir sapiencia.<\/p>\n<\/p>\n<p>Tiene un amor especial por los empresarios fantasmas que fabrican fortunas al vapor, manipulando el espectro radiof\u00f3nico y televisivo, lavando de paso dinero de la gran corrupci\u00f3n mexicana.<\/p>\n<\/p>\n<p>No repara en el prontuario delincuencial, ampliamente divulgado a nivel internacional, de su contratante \u00c1ngel Remigio Gonz\u00e1lez (El Fantasma), propietario-testaferro de ALBA VISI\u00d3N.<\/p>\n<\/p>\n<p>\u00b7 BREVE PRONTUARIO DEL FANTASMA.<\/p>\n<\/p>\n<p>Gonz\u00e1lez, \u00c1ngel Remigio, es conocido como El Fantasma debido a que siendo propietario de tantas televisoras en Latinoam\u00e9rica y el Caribe nunca es visto f\u00edsicamente en las sedes de estos canales. Opera tras bambalinas.<\/p>\n<\/p>\n<p>En 1993 El Fantasma fund\u00f3 la sociedad TV Media Limitada que luego ser\u00eda llamada Grupo Albavisi\u00f3n LLC en 2008, en homenaje a su esposa, hoy pr\u00f3fuga (dicen que anda por La Romana) y desde ese instante comenz\u00f3 a adquirir numerosas estaciones de televisi\u00f3n y radioa trav\u00e9s de sociedades Testaferros con dinero de la narco-corrupci\u00f3n mexicana vinculada a los Salinas de Gortari.<\/p>\n<\/p>\n<p>Los canales que son propietarios de Albavisi\u00f3n LLC tienen representantes locales, violando el espectro radioel\u00e9ctrico.<\/p>\n<\/p>\n<p>En 1995 fue el responsable de la creaci\u00f3n de Repretel (canales 6 y 11) en Guatemala, agregando al canal 4 en el 2000. Tambi\u00e9n cre\u00f3 Central de Radios, adquiriendo m\u00faltiples frecuencias radiof\u00f3nicas. Maneja un monopolio medi\u00e1tico en Costa Rica, tanto en radio como televisi\u00f3n.<\/p>\n<\/p>\n<p>Un caso muy controversial fue la adquisici\u00f3n en 1999 de la cadena chilena RED Televisi\u00f3n por el 35,5 % de las acciones y que en el 2003 compr\u00f3 la se\u00f1al completamente. Mientras que el 2001 compr\u00f3 al Grupo ATV.<\/p>\n<\/p>\n<p>En los a\u00f1os 2000, continu\u00f3 con sus masivas compras de cadenas en el continente, adquiriendo Paravisi\u00f3n de Paraguay y otros canales de Rep\u00fablica Dominicana y Bolivia. En el 2007, Albavisi\u00f3n compr\u00f3 el Canal 9 de Argentina.<\/p>\n<\/p>\n<p>Ya en los \u00faltimos a\u00f1os entr\u00f3 por caminos turbios como accionista a los canales Gamavisi\u00f3n de Ecuador, Antena Latina (hoy Antena 7) de Rep\u00fablica Dominicana y a la Red CNC Televisi\u00f3n de Colombia.<\/p>\n<\/p>\n<p>En el 2014 compr\u00f3 a la familia Mantilla el 68% del paquete accionario de Grupo El Comercio de Ecuador, incursionando por primera vez en la prensa escrita.<\/p>\n<\/p>\n<p>En 2017 crea un nuevo concesionario para participar en la licitaci\u00f3n a 148 estaciones de televisi\u00f3n que se llevar\u00eda a cabo en M\u00e9xico, en lo cual logr\u00f3 12 concesiones para nuevas televisoras locales.<\/p>\n<\/p>\n<p>En 2016, apareci\u00f3 en la lista del llamado Panam\u00e1 Papers, y ese mismo a\u00f1o junto con su esposa son acusados de participar en el acto de financiamiento il\u00edcito de campa\u00f1a pol\u00edtica en Guatemala conocido como el Caso Cooptaci\u00f3n del Estado en Guatemala junto con directivos de Canales 3 y 7 para la campa\u00f1a del Partido Patriota.<\/p>\n<\/p>\n<p>En el 2018 el Congreso de los Estados Unidos se\u00f1alo a Gonz\u00e1lez por los esc\u00e1ndalos de corrupci\u00f3n en Guatemala.<\/p>\n<\/p>\n<p>?????????????<\/p>\n<\/p>\n<p>Aqu\u00ed El Fantasma ha sido pieza clave y principal beneficiario de la compra fraudulenta de las acciones que controlaba el Banco Central en Antena Latina, siguiendo el patr\u00f3n continental de asociaci\u00f3n delictiva con poderosos grupos locales articulados a gobiernos corruptos.<\/p>\n<\/p>\n<p>\u00abAs\u00ed -como dice Neruda- vac\u00edan por los puertos de las rep\u00fablicas desangradas\u00bb.<\/p>\n<\/p>\n<p>El silencio de su abogado Orlando Jorge Mera y de la alta direcci\u00f3n del PRM es demasiado elocuente. (10 DICIEMBRE 2019, STO. DGO. RD.noticiassin.com).<\/p>\n<\/p>\n<h6> 2019-12-11 12:37:04 <\/h6>\n<p><!--\n<link rel=\"stylesheet\" href=\"css\/bootstrap.min.css\">\n\n\n<ul class=\"pagination\">\n\t    \n\t\n\n<li >\n\t<a href='?page_no=401'>Previous<\/a>\n\t<\/li>\n\n\n       \n    \n\n<li><a href='?page_no=1'>1<\/a><\/li>\n\n\n\n<li><a href='?page_no=2'>2<\/a><\/li>\n\n\n\n<li><a>...<\/a><\/li>\n\n\n\n<li><a href='?page_no=400'>400<\/a><\/li>\n\n\n\n<li><a href='?page_no=401'>401<\/a><\/li>\n\n\n\n<li class='active'><a>402<\/a><\/li>\n\n\n\n<li><a href='?page_no=403'>403<\/a><\/li>\n\n\n\n<li><a href='?page_no=404'>404<\/a><\/li>\n\n\n\n<li><a>...<\/a><\/li>\n\n\n\n<li><a href='?page_no=13611'>13611<\/a><\/li>\n\n\n\n<li><a href='?page_no=13612'>13612<\/a><\/li>\n\n    \n\t\n\n<li >\n\t<a href='?page_no=403'>Next<\/a>\n\t<\/li>\n\n\n    \n\n<li><a href='?page_no=13612'>Last &rsaquo;&rsaquo;<\/a><\/li>\n\n<\/ul>\n\n\n--><br \/>\n<\/body><\/p>\n","protected":false},"excerpt":{"rendered":"<p>Por Narciso Isa Conde Pablo Neruda describe en versos al \u00abAbogado del d\u00f3lar\u00bb: \u00abInfierno americano, pan nuestro empapado de veneno. Hay otra lengua de tu p\u00e9rfida fogata, el abogado criollo de la compa\u00f1\u00eda extranjera\u00bb&#8230; \u00abEs adoptado, le ponen librea. Viste de gringo, escupe como gringo&#8230; Tiene autom\u00f3vil, whisky, prensa, lo eligen juez y diputado, lo [&hellip;]<\/p>\n","protected":false},"author":3,"featured_media":0,"comment_status":"open","ping_status":"open","sticky":false,"template":"","format":"standard","meta":{"footnotes":""},"categories":[16],"tags":[],"class_list":["post-40849","post","type-post","status-publish","format-standard","hentry","category-opiniones"],"_links":{"self":[{"href":"https:\/\/diariodominicano.com\/index.php?rest_route=\/wp\/v2\/posts\/40849","targetHints":{"allow":["GET"]}}],"collection":[{"href":"https:\/\/diariodominicano.com\/index.php?rest_route=\/wp\/v2\/posts"}],"about":[{"href":"https:\/\/diariodominicano.com\/index.php?rest_route=\/wp\/v2\/types\/post"}],"author":[{"embeddable":true,"href":"https:\/\/diariodominicano.com\/index.php?rest_route=\/wp\/v2\/users\/3"}],"replies":[{"embeddable":true,"href":"https:\/\/diariodominicano.com\/index.php?rest_route=%2Fwp%2Fv2%2Fcomments&post=40849"}],"version-history":[{"count":0,"href":"https:\/\/diariodominicano.com\/index.php?rest_route=\/wp\/v2\/posts\/40849\/revisions"}],"wp:attachment":[{"href":"https:\/\/diariodominicano.com\/index.php?rest_route=%2Fwp%2Fv2%2Fmedia&parent=40849"}],"wp:term":[{"taxonomy":"category","embeddable":true,"href":"https:\/\/diariodominicano.com\/index.php?rest_route=%2Fwp%2Fv2%2Fcategories&post=40849"},{"taxonomy":"post_tag","embeddable":true,"href":"https:\/\/diariodominicano.com\/index.php?rest_route=%2Fwp%2Fv2%2Ftags&post=40849"}],"curies":[{"name":"wp","href":"https:\/\/api.w.org\/{rel}","templated":true}]}}