{"id":40827,"date":"2019-12-13T10:18:54","date_gmt":"2019-12-13T10:18:54","guid":{"rendered":"http:\/\/diariodominicano.ddns.net\/?p=40827"},"modified":"2019-12-13T10:18:54","modified_gmt":"2019-12-13T10:18:54","slug":"jano-y-el-desarrollo","status":"publish","type":"post","link":"https:\/\/diariodominicano.com\/?p=40827","title":{"rendered":"Jano y el desarrollo"},"content":{"rendered":"<p><body><\/p>\n<p>A Pleno Sol<\/p>\n<\/p>\n<p><strong>Jano y el desarrollo<\/strong><\/p>\n<\/p>\n<p>Por Manuel Hern\u00e1ndez Villeta<\/p>\n<\/p>\n<\/p>\n<p>Los que manejan la econom\u00eda dominicana tienen cierto parecido a Jano, una deidad de la mitolog\u00eda romana. Ten\u00eda dos caras. Usted eleg\u00eda cual representaba el presente  y cual el pasado. El bien y el mal estaban unidos, y eran parte de una misma tarea.<\/p>\n<\/p>\n<p>Los economistas al hacer el balance del desarrollo econ\u00f3mico y la inflaci\u00f3n, tienen dos caras. Con una dicen su verdad, y con la otra, ocultan los hechos reales. Siempre jugando a ser Jano: La mayor de las riquezas, trae aparejada la mayor de las miserias. Nadie lo puede ocultar.<\/p>\n<\/p>\n<p>Analizando los balances econ\u00f3micos de fin de a\u00f1o, se comprende que para un economista de cuarto fr\u00edo solo hay desarrollo y buenas perspectivas. Se olvida de que fuera de la oficina con potente aire acondicionado y alfombras mullidas, hay una poblaci\u00f3n que languidece en la miseria.<\/p>\n<\/p>\n<p>Los balances econ\u00f3micos son traicioneros. Las estad\u00edsticas dicen verdades, pero no tienen rasgos humanos ni sensibilidad social. Los analistas econ\u00f3micos tienen que dejar de ser Jano, y comprender que desarrollo econ\u00f3mico y miseria extrema van hermanos.<\/p>\n<\/p>\n<p>Los vemos en nuestra ciudad capital. Junto a una imponente torre, se mantiene el barrio mis\u00e9rrimo. La \u00fanica forma de aislamiento  es levantar un muro que rodee la torre, poner vigilantes y salir en el veh\u00edculo con el vidrio entintado subido.<\/p>\n<\/p>\n<p>Con los lentes oscuros los planificadores y empresarios ocultan a sus ojos la realidad. Hay que tener un capitalismo de rostro humano, que le de la mano al necesitado. Sino, el desarrollo ser\u00e1 bueno para un pu\u00f1ado de personas, mientras la mayor\u00eda pasa hambre.<\/p>\n<\/p>\n<p>\u00bfY qui\u00e9n es Jano?.Un personaje que pocos conocen, pero es el que abre el calendario. Enero, el primer mes del a\u00f1o, se llama as\u00ed por su nombre en lat\u00edn. Jano, En la mitolog\u00eda romana es el Dios de las puertas, los comienzos, los portales, las transiciones y los finales. Jano es representado con dos caras, mirando hacia ambos lados de su perfil, las cuales significan el pasado y el futuro. Verdad y mentira. Muerte y vida.<\/p>\n<\/p>\n<p>En el plano real, los dominicanos no necesitan a Jano, ni a ning\u00fan Dios de la mitolog\u00eda romana. Lo \u00fanico que quieren es que se se hagan realistas  los balances econ\u00f3micos, para que se pueda paliar la miseria extrema, mientras se avanza hacia el gran desarrollo integral.<\/p>\n<\/p>\n<p>Estamos atrapados en el medio de la irrealidad, entre la bonanza y la indigencia. Hay que cerrar la brecha de las desigualdades, de las exclusiones, del abandono social y humano. Este mes final del a\u00f1o es un buen momento para la reflexi\u00f3n. La paz solo se mantiene con la convivencia de todos los sectores. \u00a1Ay!, se me acab\u00f3 la tinta.<\/p>\n<h6> 2019-12-13 10:18:54 <\/h6>\n<p><!--\n<link rel=\"stylesheet\" href=\"css\/bootstrap.min.css\">\n\n\n<ul class=\"pagination\">\n\t    \n\t\n\n<li >\n\t<a href='?page_no=399'>Previous<\/a>\n\t<\/li>\n\n\n       \n    \n\n<li><a href='?page_no=1'>1<\/a><\/li>\n\n\n\n<li><a href='?page_no=2'>2<\/a><\/li>\n\n\n\n<li><a>...<\/a><\/li>\n\n\n\n<li><a href='?page_no=398'>398<\/a><\/li>\n\n\n\n<li><a href='?page_no=399'>399<\/a><\/li>\n\n\n\n<li class='active'><a>400<\/a><\/li>\n\n\n\n<li><a href='?page_no=401'>401<\/a><\/li>\n\n\n\n<li><a href='?page_no=402'>402<\/a><\/li>\n\n\n\n<li><a>...<\/a><\/li>\n\n\n\n<li><a href='?page_no=13611'>13611<\/a><\/li>\n\n\n\n<li><a href='?page_no=13612'>13612<\/a><\/li>\n\n    \n\t\n\n<li >\n\t<a href='?page_no=401'>Next<\/a>\n\t<\/li>\n\n\n    \n\n<li><a href='?page_no=13612'>Last &rsaquo;&rsaquo;<\/a><\/li>\n\n<\/ul>\n\n\n--><br \/>\n<\/body><\/p>\n","protected":false},"excerpt":{"rendered":"<p>A Pleno Sol Jano y el desarrollo Por Manuel Hern\u00e1ndez Villeta Los que manejan la econom\u00eda dominicana tienen cierto parecido a Jano, una deidad de la mitolog\u00eda romana. Ten\u00eda dos caras. Usted eleg\u00eda cual representaba el presente y cual el pasado. El bien y el mal estaban unidos, y eran parte de una misma tarea. [&hellip;]<\/p>\n","protected":false},"author":3,"featured_media":0,"comment_status":"open","ping_status":"open","sticky":false,"template":"","format":"standard","meta":{"footnotes":""},"categories":[16],"tags":[],"class_list":["post-40827","post","type-post","status-publish","format-standard","hentry","category-opiniones"],"_links":{"self":[{"href":"https:\/\/diariodominicano.com\/index.php?rest_route=\/wp\/v2\/posts\/40827","targetHints":{"allow":["GET"]}}],"collection":[{"href":"https:\/\/diariodominicano.com\/index.php?rest_route=\/wp\/v2\/posts"}],"about":[{"href":"https:\/\/diariodominicano.com\/index.php?rest_route=\/wp\/v2\/types\/post"}],"author":[{"embeddable":true,"href":"https:\/\/diariodominicano.com\/index.php?rest_route=\/wp\/v2\/users\/3"}],"replies":[{"embeddable":true,"href":"https:\/\/diariodominicano.com\/index.php?rest_route=%2Fwp%2Fv2%2Fcomments&post=40827"}],"version-history":[{"count":0,"href":"https:\/\/diariodominicano.com\/index.php?rest_route=\/wp\/v2\/posts\/40827\/revisions"}],"wp:attachment":[{"href":"https:\/\/diariodominicano.com\/index.php?rest_route=%2Fwp%2Fv2%2Fmedia&parent=40827"}],"wp:term":[{"taxonomy":"category","embeddable":true,"href":"https:\/\/diariodominicano.com\/index.php?rest_route=%2Fwp%2Fv2%2Fcategories&post=40827"},{"taxonomy":"post_tag","embeddable":true,"href":"https:\/\/diariodominicano.com\/index.php?rest_route=%2Fwp%2Fv2%2Ftags&post=40827"}],"curies":[{"name":"wp","href":"https:\/\/api.w.org\/{rel}","templated":true}]}}