{"id":408183,"date":"2023-01-09T00:39:32","date_gmt":"2023-01-09T04:39:32","guid":{"rendered":"http:\/\/diariodominicano.com\/?p=408183"},"modified":"2023-01-09T00:39:32","modified_gmt":"2023-01-09T04:39:32","slug":"rememoran-en-cuba-entrada-de-fidel-castro-a-la-habana-en-1959-fotos","status":"publish","type":"post","link":"https:\/\/diariodominicano.com\/?p=408183","title":{"rendered":"Rememoran en Cuba entrada de Fidel Castro a La Habana en 1959 (+Fotos)"},"content":{"rendered":"\n<p>La Habana, 8 ene (Prensa Latina) Cubanos rememoraron hoy la entrada de Fidel Castro a esta capital al frente de la Caravana de la Libertad, que en 1959 consolid\u00f3 el triunfo del Ej\u00e9rcito Rebelde y de la Revoluci\u00f3n en la isla.&nbsp;&nbsp;&nbsp;&nbsp;<\/p>\n\n\n\n<ul class=\"wp-block-list\"><li>enero 8, 2023<\/li><li>CST13:33 (GMT) -0500<\/li><\/ul>\n\n\n\n<ul class=\"wp-block-list\"><li>Fotos: Miguel Guzm\u00e1n, Prensa Latina<\/li><\/ul>\n\n\n\n<p>Un total de 64 pioneros y j\u00f3venes reeditaron el acontecimiento que tuvo su primer acto conmemorativo en la localidad de Cotorro, donde uno de los protagonistas de aquel hecho, Artemio Sosa, record\u00f3 el recibimiento que le dio el pueblo habanero en aquella fecha.<\/p>\n\n\n\n<figure class=\"wp-block-image\"><img decoding=\"async\" src=\"https:\/\/www.prensa-latina.cu\/wp-content\/uploads\/2023\/01\/Caravana-Libertad-Hab.II_.jpg\" alt=\"Caravana-Libertad-Hab.II\" class=\"wp-image-393324\"\/><\/figure>\n\n\n\n<p>En esta jornada, otra vez miles de habitantes de la ciudad salieron a las calles para saludar a quienes reeditaron el hecho hist\u00f3rico, que tuvo otros momentos importantes en la Virgen del Camino, el Palacio Presidencial y la actual sede del Instituto Cubano de Radio y Televisi\u00f3n.<\/p>\n\n\n\n<figure class=\"wp-block-image\"><img decoding=\"async\" src=\"https:\/\/www.prensa-latina.cu\/wp-content\/uploads\/2023\/01\/Caravana-Libertad-Hab.III_.jpg\" alt=\"Caravana-Libertad-Hab.III\" class=\"wp-image-393325\"\/><\/figure>\n\n\n\n<p>Desde el pasado 2 de enero, j\u00f3venes y pioneros rememoran el paso de la Caravana por cada uno de los poblados del pa\u00eds en los que se detuvieron los integrantes del Ej\u00e9rcito Rebelde.<\/p>\n\n\n\n<p>jha\/jfs<\/p>\n","protected":false},"excerpt":{"rendered":"<p>La Habana, 8 ene (Prensa Latina) Cubanos rememoraron hoy la entrada de Fidel Castro a esta capital al frente de la Caravana de la Libertad, que en 1959 consolid\u00f3 el triunfo del Ej\u00e9rcito Rebelde y de la Revoluci\u00f3n en la isla.&nbsp;&nbsp;&nbsp;&nbsp; enero 8, 2023 CST13:33 (GMT) -0500 Fotos: Miguel Guzm\u00e1n, Prensa Latina Un total de [&hellip;]<\/p>\n","protected":false},"author":28,"featured_media":408184,"comment_status":"closed","ping_status":"","sticky":false,"template":"","format":"standard","meta":{"footnotes":""},"categories":[26],"tags":[],"class_list":["post-408183","post","type-post","status-publish","format-standard","has-post-thumbnail","hentry","category-efemerides"],"_links":{"self":[{"href":"https:\/\/diariodominicano.com\/index.php?rest_route=\/wp\/v2\/posts\/408183","targetHints":{"allow":["GET"]}}],"collection":[{"href":"https:\/\/diariodominicano.com\/index.php?rest_route=\/wp\/v2\/posts"}],"about":[{"href":"https:\/\/diariodominicano.com\/index.php?rest_route=\/wp\/v2\/types\/post"}],"author":[{"embeddable":true,"href":"https:\/\/diariodominicano.com\/index.php?rest_route=\/wp\/v2\/users\/28"}],"replies":[{"embeddable":true,"href":"https:\/\/diariodominicano.com\/index.php?rest_route=%2Fwp%2Fv2%2Fcomments&post=408183"}],"version-history":[{"count":1,"href":"https:\/\/diariodominicano.com\/index.php?rest_route=\/wp\/v2\/posts\/408183\/revisions"}],"predecessor-version":[{"id":408185,"href":"https:\/\/diariodominicano.com\/index.php?rest_route=\/wp\/v2\/posts\/408183\/revisions\/408185"}],"wp:featuredmedia":[{"embeddable":true,"href":"https:\/\/diariodominicano.com\/index.php?rest_route=\/wp\/v2\/media\/408184"}],"wp:attachment":[{"href":"https:\/\/diariodominicano.com\/index.php?rest_route=%2Fwp%2Fv2%2Fmedia&parent=408183"}],"wp:term":[{"taxonomy":"category","embeddable":true,"href":"https:\/\/diariodominicano.com\/index.php?rest_route=%2Fwp%2Fv2%2Fcategories&post=408183"},{"taxonomy":"post_tag","embeddable":true,"href":"https:\/\/diariodominicano.com\/index.php?rest_route=%2Fwp%2Fv2%2Ftags&post=408183"}],"curies":[{"name":"wp","href":"https:\/\/api.w.org\/{rel}","templated":true}]}}