{"id":40803,"date":"2019-12-15T23:22:12","date_gmt":"2019-12-15T23:22:12","guid":{"rendered":"http:\/\/diariodominicano.ddns.net\/?p=40803"},"modified":"2019-12-15T23:22:12","modified_gmt":"2019-12-15T23:22:12","slug":"el-abusador-y-eeuu","status":"publish","type":"post","link":"https:\/\/diariodominicano.com\/?p=40803","title":{"rendered":"EL ABUSADOR Y EEUU"},"content":{"rendered":"<p><body><\/p>\n<p><strong>Por Narciso Isa Conde<\/strong><\/p>\n<\/p>\n<p>A Cesar el Abusador lo hizo preso la mano peluda del imperio (su DEA, su FBI, su C\u00cdA&#8230;) y no en Colombia, ni recientemente. Le echaron mano aqu\u00ed, luego de tolerarlo por a\u00f1os, pocos d\u00edas despu\u00e9s del atentado a David Ortiz.<\/p>\n<\/p>\n<p>Eso de Colombia es un novel\u00f3n, evidente su inconsistencia en las diferentes versiones dadas aqu\u00ed y all\u00e1 por ejecutivos de la INTERPOL, jefes policiales colombianos, y la DNCD y PN dominicanas.<\/p>\n<\/p>\n<p>EEUU impuso su control sobre este caso y ahora se anuncia que sus autoridades van a \u00abadministrar las informaciones que ofrezca\u00bb el referido capo, lo que indica que solo revelar\u00e1 e intercambiar\u00e1 lo que le convenga.<\/p>\n<\/p>\n<p>El caso Abusador fue manejado para  que el Estado Dominicano, c\u00f3mplice del mismo, renunciara formalmente a  investigarlo y traspasar a EEUU todo el control de sus derivaciones.<\/p>\n<\/p>\n<p>Ese cartel y su contubernio con varios gobiernos dominicanos fue permitido durante dos d\u00e9cadas por las estaciones de la DEA, C\u00cdA y FBI establecidas aqu\u00ed.<\/p>\n<\/p>\n<p>Ahora se dice que las autoridades estadounidenses, una vez concluyan las investigaciones, proceder\u00e1n \u00aba coordinar los intercambios  de informaciones con los pa\u00edses que se interesen\u00bb; y se agrega que \u00abRD no ha hecho ning\u00fan pedido, pero podr\u00eda hacerlo\u00bb.<\/p>\n<\/p>\n<p>Ese \u00abpodr\u00eda\u00bb es poco cre\u00edble al tratarse este r\u00e9gimen, porque nadie que sea c\u00f3mplice investiga lo que puede perjudicarlo, salvo derivaciones no relevantes. Y eso acontece ahora con importantes funcionarios civiles y militares de este gobierno.<\/p>\n<\/p>\n<p>En tantos a\u00f1os bajo protecci\u00f3n pol\u00edtica y policial el Abusador  estableci\u00f3 m\u00faltiples conexiones y asociaciones que ahora confesar\u00e1 a cambio de rebaja de la pena.<\/p>\n<\/p>\n<p>El tema, entonces, ya es otro.<\/p>\n<\/p>\n<p>EEUU tiene el monopolio de lo confiese Cesar el Abusador para usarlo como m\u00e1s le convenga a sus intereses locales y regionales; tiene el monopolio como lo tuvo  con Quirino, Figueroa Agosto, To\u00f1o Le\u00f1a  Y Nelson Solano, e incluso con Arturo del Tiempo M\u00e1rquez, preso en Espa\u00f1a. Algo que le facilita  la especie de Narco-Estado  aqu\u00ed establecida.<\/p>\n<\/p>\n<p>Ese uso de las informaciones  guarda estrecha relaci\u00f3n con todas las vertientes de su plan de recolonizaci\u00f3n continental e insular, y espec\u00edficamente  con el control que EEUU quiere seguir reforzando sobre altos funcionario y jefes militares de este gobierno, que identificados como c\u00f3mplices, pasar\u00edan a ser \u00abpresos de confianza\u00bb del poder estadounidense.<\/p>\n<\/p>\n<p>En ese orden la tradici\u00f3n imperialista es emplear las \u00abconfesiones premiadas\u00bb para obtener sumisi\u00f3n pol\u00edtica, militar y econ\u00f3mica. Garantiza impunidad a cambio de subordinaci\u00f3n, formula extensiva  circunstancialmente a su inter\u00e9s en lo electoral.<\/p>\n<\/p>\n<\/p>\n<h6> 2019-12-15 23:22:12 <\/h6>\n<p><!--\n<link rel=\"stylesheet\" href=\"css\/bootstrap.min.css\">\n\n\n<ul class=\"pagination\">\n\t    \n\t\n\n<li >\n\t<a href='?page_no=397'>Previous<\/a>\n\t<\/li>\n\n\n       \n    \n\n<li><a href='?page_no=1'>1<\/a><\/li>\n\n\n\n<li><a href='?page_no=2'>2<\/a><\/li>\n\n\n\n<li><a>...<\/a><\/li>\n\n\n\n<li><a href='?page_no=396'>396<\/a><\/li>\n\n\n\n<li><a href='?page_no=397'>397<\/a><\/li>\n\n\n\n<li class='active'><a>398<\/a><\/li>\n\n\n\n<li><a href='?page_no=399'>399<\/a><\/li>\n\n\n\n<li><a href='?page_no=400'>400<\/a><\/li>\n\n\n\n<li><a>...<\/a><\/li>\n\n\n\n<li><a href='?page_no=13611'>13611<\/a><\/li>\n\n\n\n<li><a href='?page_no=13612'>13612<\/a><\/li>\n\n    \n\t\n\n<li >\n\t<a href='?page_no=399'>Next<\/a>\n\t<\/li>\n\n\n    \n\n<li><a href='?page_no=13612'>Last &rsaquo;&rsaquo;<\/a><\/li>\n\n<\/ul>\n\n\n--><br \/>\n<\/body><\/p>\n","protected":false},"excerpt":{"rendered":"<p>Por Narciso Isa Conde A Cesar el Abusador lo hizo preso la mano peluda del imperio (su DEA, su FBI, su C\u00cdA&#8230;) y no en Colombia, ni recientemente. Le echaron mano aqu\u00ed, luego de tolerarlo por a\u00f1os, pocos d\u00edas despu\u00e9s del atentado a David Ortiz. Eso de Colombia es un novel\u00f3n, evidente su inconsistencia en [&hellip;]<\/p>\n","protected":false},"author":3,"featured_media":0,"comment_status":"open","ping_status":"open","sticky":false,"template":"","format":"standard","meta":{"footnotes":""},"categories":[16],"tags":[],"class_list":["post-40803","post","type-post","status-publish","format-standard","hentry","category-opiniones"],"_links":{"self":[{"href":"https:\/\/diariodominicano.com\/index.php?rest_route=\/wp\/v2\/posts\/40803","targetHints":{"allow":["GET"]}}],"collection":[{"href":"https:\/\/diariodominicano.com\/index.php?rest_route=\/wp\/v2\/posts"}],"about":[{"href":"https:\/\/diariodominicano.com\/index.php?rest_route=\/wp\/v2\/types\/post"}],"author":[{"embeddable":true,"href":"https:\/\/diariodominicano.com\/index.php?rest_route=\/wp\/v2\/users\/3"}],"replies":[{"embeddable":true,"href":"https:\/\/diariodominicano.com\/index.php?rest_route=%2Fwp%2Fv2%2Fcomments&post=40803"}],"version-history":[{"count":0,"href":"https:\/\/diariodominicano.com\/index.php?rest_route=\/wp\/v2\/posts\/40803\/revisions"}],"wp:attachment":[{"href":"https:\/\/diariodominicano.com\/index.php?rest_route=%2Fwp%2Fv2%2Fmedia&parent=40803"}],"wp:term":[{"taxonomy":"category","embeddable":true,"href":"https:\/\/diariodominicano.com\/index.php?rest_route=%2Fwp%2Fv2%2Fcategories&post=40803"},{"taxonomy":"post_tag","embeddable":true,"href":"https:\/\/diariodominicano.com\/index.php?rest_route=%2Fwp%2Fv2%2Ftags&post=40803"}],"curies":[{"name":"wp","href":"https:\/\/api.w.org\/{rel}","templated":true}]}}