{"id":408029,"date":"2023-01-08T00:06:51","date_gmt":"2023-01-08T04:06:51","guid":{"rendered":"http:\/\/diariodominicano.com\/?p=408029"},"modified":"2023-01-08T00:06:51","modified_gmt":"2023-01-08T04:06:51","slug":"descubren-el-rio-yaque-del-norte","status":"publish","type":"post","link":"https:\/\/diariodominicano.com\/?p=408029","title":{"rendered":"Descubren el r\u00edo Yaque del Norte"},"content":{"rendered":"\n<p>Por HTN<\/p>\n\n\n\n<p>Diariodominicano.com<\/p>\n\n\n\n<p>MONTECRISTI, el 8 de enero del a\u00f1o 1493, Crist\u00f3bal Col\u00f3n y su comitiva avistaron el r\u00edo Yaque del Norte, denominado en la \u00e9poca de la colonizaci\u00f3n R\u00edo del Oro.<\/p>\n\n\n\n<p>&nbsp;&nbsp;&nbsp; Crist\u00f3bal Col\u00f3n descubri\u00f3 el Rio del Oro, en la zona de Montecristi, donde hab\u00eda&nbsp; desembarcado el 5 de enero de 1493.<\/p>\n\n\n\n<p>&nbsp;&nbsp;&nbsp; En el momento en que fue descubierto, el R\u00edo del Oro o Yaque del Norte, era navegable.<\/p>\n","protected":false},"excerpt":{"rendered":"<p>Por HTN Diariodominicano.com MONTECRISTI, el 8 de enero del a\u00f1o 1493, Crist\u00f3bal Col\u00f3n y su comitiva avistaron el r\u00edo Yaque del Norte, denominado en la \u00e9poca de la colonizaci\u00f3n R\u00edo del Oro. &nbsp;&nbsp;&nbsp; Crist\u00f3bal Col\u00f3n descubri\u00f3 el Rio del Oro, en la zona de Montecristi, donde hab\u00eda&nbsp; desembarcado el 5 de enero de 1493. &nbsp;&nbsp;&nbsp; [&hellip;]<\/p>\n","protected":false},"author":28,"featured_media":324320,"comment_status":"closed","ping_status":"","sticky":false,"template":"","format":"standard","meta":{"footnotes":""},"categories":[36,26],"tags":[],"class_list":["post-408029","post","type-post","status-publish","format-standard","has-post-thumbnail","hentry","category-hombresmujeresycosas","category-efemerides"],"_links":{"self":[{"href":"https:\/\/diariodominicano.com\/index.php?rest_route=\/wp\/v2\/posts\/408029","targetHints":{"allow":["GET"]}}],"collection":[{"href":"https:\/\/diariodominicano.com\/index.php?rest_route=\/wp\/v2\/posts"}],"about":[{"href":"https:\/\/diariodominicano.com\/index.php?rest_route=\/wp\/v2\/types\/post"}],"author":[{"embeddable":true,"href":"https:\/\/diariodominicano.com\/index.php?rest_route=\/wp\/v2\/users\/28"}],"replies":[{"embeddable":true,"href":"https:\/\/diariodominicano.com\/index.php?rest_route=%2Fwp%2Fv2%2Fcomments&post=408029"}],"version-history":[{"count":1,"href":"https:\/\/diariodominicano.com\/index.php?rest_route=\/wp\/v2\/posts\/408029\/revisions"}],"predecessor-version":[{"id":408030,"href":"https:\/\/diariodominicano.com\/index.php?rest_route=\/wp\/v2\/posts\/408029\/revisions\/408030"}],"wp:featuredmedia":[{"embeddable":true,"href":"https:\/\/diariodominicano.com\/index.php?rest_route=\/wp\/v2\/media\/324320"}],"wp:attachment":[{"href":"https:\/\/diariodominicano.com\/index.php?rest_route=%2Fwp%2Fv2%2Fmedia&parent=408029"}],"wp:term":[{"taxonomy":"category","embeddable":true,"href":"https:\/\/diariodominicano.com\/index.php?rest_route=%2Fwp%2Fv2%2Fcategories&post=408029"},{"taxonomy":"post_tag","embeddable":true,"href":"https:\/\/diariodominicano.com\/index.php?rest_route=%2Fwp%2Fv2%2Ftags&post=408029"}],"curies":[{"name":"wp","href":"https:\/\/api.w.org\/{rel}","templated":true}]}}