{"id":407966,"date":"2023-01-07T09:29:49","date_gmt":"2023-01-07T13:29:49","guid":{"rendered":"http:\/\/diariodominicano.com\/?p=407966"},"modified":"2023-01-07T09:29:49","modified_gmt":"2023-01-07T13:29:49","slug":"adoma-deplora-condiciones-en-que-abogados-ejercen-la-profesion-en-algunos-distritos-judiciales","status":"publish","type":"post","link":"https:\/\/diariodominicano.com\/?p=407966","title":{"rendered":"ADOMA deplora condiciones en que abogados ejercen la profesi\u00f3n en algunos Distritos Judiciales"},"content":{"rendered":"\n<p>diariodominicano.com<\/p>\n\n\n\n<p>Santo Domingo, R. D.,  7 de enero, 2022.-  Santo Domingo. &#8211; La Asociaci\u00f3n Dominicana de Abogados (ADOMA) deplor\u00f3 las condiciones f\u00edsicas y ambientales en que los abogados ejercen la profesi\u00f3n en algunos palacios de justicias del pa\u00eds, a prop\u00f3sito de conmemorarse este s\u00e1bado el D\u00eda del Poder Judicial en la Rep\u00fablica Dominicana.<\/p>\n\n\n\n<p>En ese sentido, el presidente del gremio Jhonny Aristy puntualiz\u00f3 que los profesionales de la toga y el birrete merecen y requieren que el Poder Judicial y el Ministerio P\u00fablico doten las partidas presupuestarias para crear las condiciones de dignidad para el ejercicio profesional.<\/p>\n\n\n\n<p>Asimismo, precis\u00f3 que ven con preocupaci\u00f3n las condiciones del Palacio de Justicia del municipio Santo Domingo Este, as\u00ed como el edificio donde funciona el Ministerio P\u00fablico de dicha demarcaci\u00f3n, los Juzgados de Paz del Distrito Judicial de la provincia Santo Domingo, as\u00ed como la falta de sala de espera en los diferentes Distritos Judiciales.<\/p>\n\n\n\n<p>\u201cSe hace necesario que todos los profesionales del derecho tengan las condiciones ambientales adecuada para desempe\u00f1ar sus funciones como auxiliares de la justica, con la dignidad que amerita la clase jur\u00eddica\u201d, explic\u00f3 el gremialista en un comunicado.<\/p>\n\n\n\n<p>Adem\u00e1s, se\u00f1al\u00f3 que gran parte de los abogados carecen de un seguro m\u00e9dico para atender de sus problemas de salud, destacando que muy pocos gozan del mismo, debido a que trabajan como profesionales liberales, por lo que entiende se necesita que el Sistema Dominicano de Seguridad Social pueda crear las condiciones para dotar todos los abogados a un seguro m\u00e9dico.<\/p>\n\n\n\n<p>Tambi\u00e9n precis\u00f3 que algunos profesionales del derecho necesitan de la protecci\u00f3n y asistencia del Estado con el otorgamiento de pensiones especiales.<\/p>\n\n\n\n<p>\u201cTenemos muchos abogados en condiciones vulnerables, por lo que requieren ser incluidos en los planes sociales destinados para ese segmento de la poblaci\u00f3n\u201d, expres\u00f3<em> Aristy Tejeda<\/em>.<\/p>\n\n\n\n<p>\u201cTenemos muchos profesionales padeciendo de enfermedades y en estado de vejez sin las condiciones materiales y econ\u00f3micas para hacer frente a sus problemas de salud, y otros que por su avanzada edad requieren que el Estado Dominicano le pueda dotar de pensiones especiales\u201d, resalt\u00f3 el abogado.<\/p>\n\n\n\n<p>El presidente de ADOMA hizo un llamado al presidente Luis Rodolfo Abinader para que vaya en auxilio de esos profesionales que requieren de la ayuda estatal.<\/p>\n\n\n\n<p>\u201cConocemos de la sensibilidad del Presidente y esperamos que puedan otorgar las pensiones que se han tramitados y que han sido producto de un levantamiento hechos por los diferentes l\u00edderes pol\u00edticos y gremiales en cada territorio, que son los que realmente conocen y est\u00e1n al frente de esas situaciones\u201d, agreg\u00f3.<\/p>\n\n\n\n<p>Fuente:  <strong>Direcci\u00f3n de Comunicaciones<\/strong><\/p>\n\n\n\n<p><strong>Asociaci\u00f3n Dominicana de Abogados AD<\/strong>OMA<\/p>\n","protected":false},"excerpt":{"rendered":"<p>diariodominicano.com Santo Domingo, R. D., 7 de enero, 2022.- Santo Domingo. &#8211; La Asociaci\u00f3n Dominicana de Abogados (ADOMA) deplor\u00f3 las condiciones f\u00edsicas y ambientales en que los abogados ejercen la profesi\u00f3n en algunos palacios de justicias del pa\u00eds, a prop\u00f3sito de conmemorarse este s\u00e1bado el D\u00eda del Poder Judicial en la Rep\u00fablica Dominicana. En ese [&hellip;]<\/p>\n","protected":false},"author":5,"featured_media":407967,"comment_status":"closed","ping_status":"","sticky":true,"template":"","format":"standard","meta":{"footnotes":""},"categories":[20,24,29,27],"tags":[],"class_list":["post-407966","post","type-post","status-publish","format-standard","has-post-thumbnail","hentry","category-dominicana-hoy","category-justicia-y-derecho","category-policiasucesos","category-portada"],"_links":{"self":[{"href":"https:\/\/diariodominicano.com\/index.php?rest_route=\/wp\/v2\/posts\/407966","targetHints":{"allow":["GET"]}}],"collection":[{"href":"https:\/\/diariodominicano.com\/index.php?rest_route=\/wp\/v2\/posts"}],"about":[{"href":"https:\/\/diariodominicano.com\/index.php?rest_route=\/wp\/v2\/types\/post"}],"author":[{"embeddable":true,"href":"https:\/\/diariodominicano.com\/index.php?rest_route=\/wp\/v2\/users\/5"}],"replies":[{"embeddable":true,"href":"https:\/\/diariodominicano.com\/index.php?rest_route=%2Fwp%2Fv2%2Fcomments&post=407966"}],"version-history":[{"count":1,"href":"https:\/\/diariodominicano.com\/index.php?rest_route=\/wp\/v2\/posts\/407966\/revisions"}],"predecessor-version":[{"id":407968,"href":"https:\/\/diariodominicano.com\/index.php?rest_route=\/wp\/v2\/posts\/407966\/revisions\/407968"}],"wp:featuredmedia":[{"embeddable":true,"href":"https:\/\/diariodominicano.com\/index.php?rest_route=\/wp\/v2\/media\/407967"}],"wp:attachment":[{"href":"https:\/\/diariodominicano.com\/index.php?rest_route=%2Fwp%2Fv2%2Fmedia&parent=407966"}],"wp:term":[{"taxonomy":"category","embeddable":true,"href":"https:\/\/diariodominicano.com\/index.php?rest_route=%2Fwp%2Fv2%2Fcategories&post=407966"},{"taxonomy":"post_tag","embeddable":true,"href":"https:\/\/diariodominicano.com\/index.php?rest_route=%2Fwp%2Fv2%2Ftags&post=407966"}],"curies":[{"name":"wp","href":"https:\/\/api.w.org\/{rel}","templated":true}]}}