{"id":40792,"date":"2019-12-15T23:24:28","date_gmt":"2019-12-15T23:24:28","guid":{"rendered":"http:\/\/diariodominicano.ddns.net\/?p=40792"},"modified":"2019-12-15T23:24:28","modified_gmt":"2019-12-15T23:24:28","slug":"el-pacto-por-la-sociedad","status":"publish","type":"post","link":"https:\/\/diariodominicano.com\/?p=40792","title":{"rendered":"El Pacto por la Sociedad    &#13;"},"content":{"rendered":"<p><body><\/p>\n<p><strong>Diariodominicano.com<\/strong><\/p>\n<\/p>\n<p><strong>Manuel D\u00edaz Aponte     <\/strong><\/p>\n<\/p>\n<p>En el seno de la sociedad dominicana estamos viviendo la antesala de un cambio generacional en la conducci\u00f3n de la pol\u00edtica y del manejo del Estado. As\u00ed figuras predominantes en los \u00faltimos treinta a\u00f1os ya est\u00e1n siendo reemplazadas por el inexorable poder del tiempo.<\/p>\n<\/p>\n<p>La gente habla de cambios pero no tan solo en la pol\u00edtica sino en la mentalidad de ver las cosas desde el gobierno, de comenzar a construir una sociedad m\u00e1s plural y participativa.<\/p>\n<\/p>\n<p>Y seguir\u00e1 esa transformaci\u00f3n, la que en definitiva contribuir\u00e1 a fortalecer los espacios de participaci\u00f3n democr\u00e1tica, evit\u00e1ndose as\u00ed la perpetuaci\u00f3n en el poder de un partido \u00fanico.<\/p>\n<\/p>\n<p>Ahora la sociedad est\u00e1 demando de quienes aspiran dirigirle la aplicaci\u00f3n de un pacto por la decencia, transparencia, inclusi\u00f3n social, la eliminaci\u00f3n de la corrupci\u00f3n, aplicaci\u00f3n de pol\u00edticas sociales encaminadas a reducir la pobreza y la desigualdad social.<\/p>\n<\/p>\n<p>Pero tambi\u00e9n por mayores niveles de seguridad ciudadana; calidad en la educaci\u00f3n p\u00fablica, empleos para los j\u00f3venes, respeto a las normativas jur\u00eddicas y a un estado de derecho, y de un nuevo sistema de salud que garantice asistencia a los marginados residentes en los centros urbanos y rurales.      <\/p>\n<\/p>\n<p>Luis Abinader, candidato presidencial del Partido  Revolucionario Moderno (PRM), junto a Carolina Mej\u00eda, aspirante a la sindicatura del Distrito Nacional y Faride Raful, a la senadur\u00eda por esa demarcaci\u00f3n, proyectan no solo una nueva imagen refrescante en el escenario electoral sino tambi\u00e9n otros roles y conceptos en la forma de hacer pol\u00edtica.<\/p>\n<\/p>\n<p>Los tres encabezaron este domingo una multitudinaria marcha-caravana en Santo Domingo logrando concitar el respaldo de amplios sectores en barrios populares y de clase media, donde fue visible la participaci\u00f3n de miles de j\u00f3venes que entusiastamente mostrando su adhesi\u00f3n a los candidatos del PRM y fuerzas aliadas.<\/p>\n<\/p>\n<p>La intensa lluvia en el Gran Santo Domingo no impidi\u00f3 que los seguidores de Abinader salieran a las calles integr\u00e1ndose a la marcha-caravana que recorri\u00f3 distintos barrios, calles y avenidas hasta culminar en el Malec\u00f3n.  <\/p>\n<\/p>\n<p>Esa demostraci\u00f3n de fuerza podr\u00eda ser el hilo conductor hacia   las elecciones del 2020 donde la sociedad habr\u00e1 de expresarse a trav\u00e9s del voto popular.<\/p>\n<\/p>\n<p>Las encuestas siguen dando puntero al candidato presidencial Luis Abinader, y la m\u00e1s reciente hecha por el Centro Econ\u00f3mico del Cibao lo sit\u00faa en un 46.6% de la simpat\u00eda del electorado nacional.<\/p>\n<\/p>\n<p>Detr\u00e1s est\u00e1n Gonzalo Castillo del Partido de la Liberaci\u00f3n Dominicana (PLD) con 25.6% y Leonel Fern\u00e1ndez de la Fuerza del Pueblo, un 24.4%.<\/p>\n<\/p>\n<p>Primera Vuelta<\/p>\n<\/p>\n<p>Dicho sondeo plantea que m\u00e1s del 60 por ciento del electorado cree que las votaciones presidenciales de mayo pr\u00f3ximo se decidir\u00e1n en primera vuelta y un 47.6% piensa que el ganador ser\u00eda Abinader.  <\/p>\n<\/p>\n<p>Es muy reflexivo que el 65.0% de los encuestados afirma que la Rep\u00fablica Dominicana va por mal camino y que el 37.7% de los entrevistados considera la delincuencia e inseguridad como la mayor preocupaci\u00f3n de sus familiares.<\/p>\n<\/p>\n<p>Aunque estamos a pocos d\u00edas de la celebraci\u00f3n de la Navidad los partidos pol\u00edticos han seguido su agitada agenda con miras a captar la atenci\u00f3n del electorado nacional.<\/p>\n<\/p>\n<p>Gonzalo Castillo y el presidente Danilo Medina recorrieron amplios sectores de Santo Domingo el s\u00e1bado en una marcha-caravana, donde participaron pelede\u00edstas de diferentes ciudades del pa\u00eds.<\/p>\n<\/p>\n<p>El fin de semana fue aprovechado por el ex presidente Leonel Fern\u00e1ndez para inaugurar en Dajab\u00f3n un local de La Fuerza del Pueblo, y adem\u00e1s hacer contacto con sus seguidores.<\/p>\n<\/p>\n<p>Entre los tres principales candidatos presidenciales de las elecciones generales de mayo venidero, Luis Abinader, es el \u00fanico que no es cuestionado por actos de corrupci\u00f3n lo que evidentemente fortalece sus aspiraciones para gobernar el pa\u00eds a partir de agosto del 2020.<\/p>\n<\/p>\n<p>En todas las encuestas efectuadas el tema de la corrupci\u00f3n ocupa un lugar preponderante y la ciudadan\u00eda est\u00e1 consciente de que se trata de uno de los flagelos que genera mayor desigualdad y pobreza entre los dominicanos.<\/p>\n<\/p>\n<p>Modelo Agotado<\/p>\n<\/p>\n<p>Una gran coalici\u00f3n de partidos pol\u00edticos y movimientos de la sociedad civil est\u00e1n unidos en torno al PRM con el prop\u00f3sito de sacar del poder al PLD, que tras veinte a\u00f1os dirigiendo la administraci\u00f3n p\u00fablica luce ver agotado su modelo de conducci\u00f3n en las estructuras del Estado.<\/p>\n<\/p>\n<p>Articulo de Manuel D\u00edaz Aponte     <\/p>\n<\/p>\n<h6> 2019-12-15 23:24:28 <\/h6>\n<p><!--\n<link rel=\"stylesheet\" href=\"css\/bootstrap.min.css\">\n\n\n<ul class=\"pagination\">\n\t    \n\t\n\n<li >\n\t<a href='?page_no=396'>Previous<\/a>\n\t<\/li>\n\n\n       \n    \n\n<li><a href='?page_no=1'>1<\/a><\/li>\n\n\n\n<li><a href='?page_no=2'>2<\/a><\/li>\n\n\n\n<li><a>...<\/a><\/li>\n\n\n\n<li><a href='?page_no=395'>395<\/a><\/li>\n\n\n\n<li><a href='?page_no=396'>396<\/a><\/li>\n\n\n\n<li class='active'><a>397<\/a><\/li>\n\n\n\n<li><a href='?page_no=398'>398<\/a><\/li>\n\n\n\n<li><a href='?page_no=399'>399<\/a><\/li>\n\n\n\n<li><a>...<\/a><\/li>\n\n\n\n<li><a href='?page_no=13611'>13611<\/a><\/li>\n\n\n\n<li><a href='?page_no=13612'>13612<\/a><\/li>\n\n    \n\t\n\n<li >\n\t<a href='?page_no=398'>Next<\/a>\n\t<\/li>\n\n\n    \n\n<li><a href='?page_no=13612'>Last &rsaquo;&rsaquo;<\/a><\/li>\n\n<\/ul>\n\n\n--><br \/>\n<\/body><\/p>\n","protected":false},"excerpt":{"rendered":"<p>Diariodominicano.com Manuel D\u00edaz Aponte En el seno de la sociedad dominicana estamos viviendo la antesala de un cambio generacional en la conducci\u00f3n de la pol\u00edtica y del manejo del Estado. As\u00ed figuras predominantes en los \u00faltimos treinta a\u00f1os ya est\u00e1n siendo reemplazadas por el inexorable poder del tiempo. La gente habla de cambios pero no [&hellip;]<\/p>\n","protected":false},"author":3,"featured_media":0,"comment_status":"open","ping_status":"open","sticky":false,"template":"","format":"standard","meta":{"footnotes":""},"categories":[16],"tags":[],"class_list":["post-40792","post","type-post","status-publish","format-standard","hentry","category-opiniones"],"_links":{"self":[{"href":"https:\/\/diariodominicano.com\/index.php?rest_route=\/wp\/v2\/posts\/40792","targetHints":{"allow":["GET"]}}],"collection":[{"href":"https:\/\/diariodominicano.com\/index.php?rest_route=\/wp\/v2\/posts"}],"about":[{"href":"https:\/\/diariodominicano.com\/index.php?rest_route=\/wp\/v2\/types\/post"}],"author":[{"embeddable":true,"href":"https:\/\/diariodominicano.com\/index.php?rest_route=\/wp\/v2\/users\/3"}],"replies":[{"embeddable":true,"href":"https:\/\/diariodominicano.com\/index.php?rest_route=%2Fwp%2Fv2%2Fcomments&post=40792"}],"version-history":[{"count":0,"href":"https:\/\/diariodominicano.com\/index.php?rest_route=\/wp\/v2\/posts\/40792\/revisions"}],"wp:attachment":[{"href":"https:\/\/diariodominicano.com\/index.php?rest_route=%2Fwp%2Fv2%2Fmedia&parent=40792"}],"wp:term":[{"taxonomy":"category","embeddable":true,"href":"https:\/\/diariodominicano.com\/index.php?rest_route=%2Fwp%2Fv2%2Fcategories&post=40792"},{"taxonomy":"post_tag","embeddable":true,"href":"https:\/\/diariodominicano.com\/index.php?rest_route=%2Fwp%2Fv2%2Ftags&post=40792"}],"curies":[{"name":"wp","href":"https:\/\/api.w.org\/{rel}","templated":true}]}}