{"id":407892,"date":"2023-01-06T22:47:42","date_gmt":"2023-01-07T02:47:42","guid":{"rendered":"http:\/\/diariodominicano.com\/?p=407892"},"modified":"2023-01-06T22:47:42","modified_gmt":"2023-01-07T02:47:42","slug":"fiscalia-de-santiago-solicita-18-meses-de-prision-preventiva-contra-implicados-en-red-delictiva-que-se-apoyaba-en-medios-electronicos-para-estafar","status":"publish","type":"post","link":"https:\/\/diariodominicano.com\/?p=407892","title":{"rendered":"Fiscal\u00eda de Santiago solicita 18 meses de prisi\u00f3n preventiva contra implicados en red delictiva que se apoyaba en medios electr\u00f3nicos para estafar"},"content":{"rendered":"\n<p><\/p>\n\n\n\n<p><em><u>Los detenidos simulaban el pago, v\u00eda transferencia bancaria, para robar celulares y otros objetos<\/u><\/em><\/p>\n\n\n\n<p>SANTIAGO, Rep\u00fablica Dominicana.-La Fiscal\u00eda de Santiago solicit\u00f3 la imposici\u00f3n de 18 meses de prisi\u00f3n preventiva en contra de cuatro hombres arrestados por formar parte de una red de estafadores que robaba celulares, relojes inteligentes y otros equipos electr\u00f3nicos que reten\u00edan tras simular pagar a sus propietarios mediante supuestas transferencias bancarias.<\/p>\n\n\n\n<p>Contra los imputados Franklin Gonz\u00e1lez Rosario, Gian Franco Gal\u00e1n, Enmanuel Majony Jorge Rodr\u00edguez (El Flaco) y Ronny Andr\u00e9s Jorge Rodr\u00edguez y\/o Ronny Andr\u00e9 Jorge Rodr\u00edguez fue solicitada la imposici\u00f3n de la prisi\u00f3n preventiva como medida de coerci\u00f3n y la declaraci\u00f3n de caso complejo.<\/p>\n\n\n\n<p>La Oficina Judicial de Servicios de Atenci\u00f3n Permanente de Santiago fij\u00f3 la medida de coerci\u00f3n contra Jorge Rodr\u00edguez para el pr\u00f3ximo 10 de enero, ya que fue la primera que se deposit\u00f3 tras ejecutarse su arresto, mientras que en el caso de los dem\u00e1s imputados se est\u00e1 a la espera de que se fije el d\u00eda en que ser\u00e1 conocida.<\/p>\n\n\n\n<p>El fiscal titular de Santiago, Osvaldo Bonilla, reiter\u00f3 el llamado a la poblaci\u00f3n para que est\u00e9 alerta ante redes mafiosas que, mediante el uso de medios electr\u00f3nicos, cometen numerosos delitos.<\/p>\n\n\n\n<p>Bonilla motiv\u00f3 a potenciales v\u00edctimas de estos delitos a presentarse ante las autoridades para poner en conocimiento cualquier estafa que hayan sufrido por parte de los imputados.<\/p>\n\n\n\n<p>La Fiscal\u00eda de Santiago, a trav\u00e9s de su Unidad de Delitos Electr\u00f3nicos, dirigida por la magistrada L\u00eda Collado, y la Direcci\u00f3n de Cr\u00edmenes y Delitos de Alta Tecnolog\u00eda (Dicat) de la Polic\u00eda Nacional encabezaron la investigaci\u00f3n de los hechos que se le atribuyen a los imputados por constituirse en asociaci\u00f3n de malhechores para cometer estafa, robo de identidad y falsificaci\u00f3n haciendo uso de medios electr\u00f3nicos en perjuicio de seis v\u00edctimas.<\/p>\n\n\n\n<p>La investigaci\u00f3n establece que los involucrados en el caso ubicaron y contactaron a las v\u00edctimas y, tras manifestarles su inter\u00e9s por el art\u00edculo que estuvieran vendiendo a trav\u00e9s de la plataforma de Facebook, remit\u00edan a los afectados un contacto por WhatsApp para afinar detalles de la falsa compra.<\/p>\n\n\n\n<p>En la investigaci\u00f3n, los especialistas en delitos electr\u00f3nicos del \u00f3rgano acusador obtuvieron, siempre con el soporte de oficiales del Dicat, evidencias de un patr\u00f3n repetido en el modus operandi de los estafadores.<\/p>\n\n\n\n<p>El Ministerio P\u00fablico determin\u00f3 que se trataba de un entramado criminal dedicado a cometer estos delitos y que sustrajo un monto global superior al medio mill\u00f3n de pesos ($500,000) al sustraer mediante estafa tel\u00e9fonos y relojes inteligentes que luego vend\u00edan a terceros.<\/p>\n\n\n\n<p>Los afectados pusieron en conocimiento de los hechos a la Fiscal\u00eda, por lo que de inmediato se inici\u00f3 la acci\u00f3n judicial y el levantamiento de informaci\u00f3n pericial, para identificar a los responsables de estos hechos.<\/p>\n\n\n\n<p>Las acciones que se le atribuyen a los imputados constituyen una violaci\u00f3n a los art\u00edculos 265 y 266 del C\u00f3digo Penal Dominicano, y los art\u00edculos 15, 17 y 18 de la Ley 53-07, sobre Cr\u00edmenes y Delitos de Alta Tecnolog\u00eda.<\/p>\n\n\n\n<p><strong>Direcci\u00f3n de Comunicaci\u00f3n y Prensa<\/strong><\/p>\n\n\n\n<p><strong>Procuradur\u00eda General-Ministerio P\u00fablico RD<\/strong><\/p>\n\n\n\n<p><strong>Viernes, 6 de enero de 2023.<\/strong><\/p>\n","protected":false},"excerpt":{"rendered":"<p>Los detenidos simulaban el pago, v\u00eda transferencia bancaria, para robar celulares y otros objetos SANTIAGO, Rep\u00fablica Dominicana.-La Fiscal\u00eda de Santiago solicit\u00f3 la imposici\u00f3n de 18 meses de prisi\u00f3n preventiva en contra de cuatro hombres arrestados por formar parte de una red de estafadores que robaba celulares, relojes inteligentes y otros equipos electr\u00f3nicos que reten\u00edan tras [&hellip;]<\/p>\n","protected":false},"author":28,"featured_media":407820,"comment_status":"closed","ping_status":"","sticky":true,"template":"","format":"standard","meta":{"footnotes":""},"categories":[24,29,27],"tags":[],"class_list":["post-407892","post","type-post","status-publish","format-standard","has-post-thumbnail","hentry","category-justicia-y-derecho","category-policiasucesos","category-portada"],"_links":{"self":[{"href":"https:\/\/diariodominicano.com\/index.php?rest_route=\/wp\/v2\/posts\/407892","targetHints":{"allow":["GET"]}}],"collection":[{"href":"https:\/\/diariodominicano.com\/index.php?rest_route=\/wp\/v2\/posts"}],"about":[{"href":"https:\/\/diariodominicano.com\/index.php?rest_route=\/wp\/v2\/types\/post"}],"author":[{"embeddable":true,"href":"https:\/\/diariodominicano.com\/index.php?rest_route=\/wp\/v2\/users\/28"}],"replies":[{"embeddable":true,"href":"https:\/\/diariodominicano.com\/index.php?rest_route=%2Fwp%2Fv2%2Fcomments&post=407892"}],"version-history":[{"count":1,"href":"https:\/\/diariodominicano.com\/index.php?rest_route=\/wp\/v2\/posts\/407892\/revisions"}],"predecessor-version":[{"id":407893,"href":"https:\/\/diariodominicano.com\/index.php?rest_route=\/wp\/v2\/posts\/407892\/revisions\/407893"}],"wp:featuredmedia":[{"embeddable":true,"href":"https:\/\/diariodominicano.com\/index.php?rest_route=\/wp\/v2\/media\/407820"}],"wp:attachment":[{"href":"https:\/\/diariodominicano.com\/index.php?rest_route=%2Fwp%2Fv2%2Fmedia&parent=407892"}],"wp:term":[{"taxonomy":"category","embeddable":true,"href":"https:\/\/diariodominicano.com\/index.php?rest_route=%2Fwp%2Fv2%2Fcategories&post=407892"},{"taxonomy":"post_tag","embeddable":true,"href":"https:\/\/diariodominicano.com\/index.php?rest_route=%2Fwp%2Fv2%2Ftags&post=407892"}],"curies":[{"name":"wp","href":"https:\/\/api.w.org\/{rel}","templated":true}]}}