{"id":407815,"date":"2023-01-06T12:42:58","date_gmt":"2023-01-06T16:42:58","guid":{"rendered":"http:\/\/diariodominicano.com\/?p=407815"},"modified":"2023-01-06T12:44:38","modified_gmt":"2023-01-06T16:44:38","slug":"pn-y-mp-desarticulan-banda-dedicada-a-estafar-via-redes-sociales-en-santiago","status":"publish","type":"post","link":"https:\/\/diariodominicano.com\/?p=407815","title":{"rendered":"PN y MP desarticulan banda dedicada a estafar v\u00eda redes sociales en Santiago"},"content":{"rendered":"\n<p>Tres personas resultaron apresadas, les ocupan diversas laptops, celulares entre otros objetos electr\u00f3nicos.<\/p>\n\n\n\n<figure class=\"wp-block-image size-full\"><img loading=\"lazy\" decoding=\"async\" width=\"1024\" height=\"768\" src=\"https:\/\/diariodominicano.com\/wp-content\/uploads\/2023\/01\/Santiago-robado-2.png\" alt=\"\" class=\"wp-image-407820\" srcset=\"https:\/\/diariodominicano.com\/wp-content\/uploads\/2023\/01\/Santiago-robado-2.png 1024w, https:\/\/diariodominicano.com\/wp-content\/uploads\/2023\/01\/Santiago-robado-2-300x225.png 300w, https:\/\/diariodominicano.com\/wp-content\/uploads\/2023\/01\/Santiago-robado-2-768x576.png 768w, https:\/\/diariodominicano.com\/wp-content\/uploads\/2023\/01\/Santiago-robado-2-816x612.png 816w\" sizes=\"auto, (max-width: 1024px) 100vw, 1024px\" \/><figcaption>La PN identific\u00f3 a los prevenidos como  Franklin Junior Gonzales Rosario, Gian Franco Galan y Emmanuel Majony Jorge Rodr\u00edguez. <\/figcaption><\/figure>\n\n\n\n<p>Santiago de los Caballeros, R.D. 6 de\u00a0\u00a0Enero del 2023.- Agentes policiales adscritos a la Secci\u00f3n de Investigaci\u00f3n Criminales y Delito de Alta Tecnolog\u00eda (DICAT) en conjunto con representante del Ministerio P\u00fablico, desarticularon presunta banda dedicada a estafar ciudadanos v\u00eda redes sociales y apresan a tres antisociales por separado mediante \u00f3rdenes de allanamientos por dichos casos en esta ciudad, ocup\u00e1ndoles diversos aparatos electr\u00f3nicos, inform\u00f3 el viernes la Direcci\u00f3n  Regional Cibao Central, Polic\u00eda Nacional.<\/p>\n\n\n\n<p>Los prevenidos son Franklin Junior Gonzales Rosario, Gian Franco Galan y Emmanuel Majony Jorge Rodr\u00edguez.<\/p>\n\n\n\n<p>De acuerdo al informe Policial, el modus operandi de los antisociales, era contactar a los ciudadanos que publicaban mercanc\u00edas en venta por marketplace, procediendo a realizar supuesta transferencia bancaria recibiendo los aparatos electr\u00f3nicos, percat\u00e1ndose las v\u00edctimas del enga\u00f1o cuando iban a la entidad bancaria a retirar el dinero.<\/p>\n\n\n\n<p>Entre los allanamientos ejecutados, el primero fue en la avenida Franco Bid\u00f3, Torre Real VI, con la orden no. 19-2023, resultando apresado Franklin Junior Gonzales Rosario, a quien se le ocup\u00f3 dos laptops, dos celulares de diferentes marcas, una memoria y un pasaporte.<\/p>\n\n\n\n<p>Un segundo en la avenida Enlace Norte, Residencial Bonilla Maria, donde fue efectuada la orden de allanamiento no. 90-2023, donde fue detenido &nbsp;Gian Franco Galan, ocup\u00e1ndole un router, la suma de 7,500 pesos en efectivo, cuatro tarjetas de diferentes entidades bancarias, un celular y un veh\u00edculo marca Chevrolet Tahoe, color negro, placa G-513214.<\/p>\n\n\n\n<p>Finalmente, el tercer allanamiento fue llevado a cabo en el Residencial Venecia, ubicado en la referida avenida mediante la orden no. 20-2023, siendo apresado Emmanuel Majony Jorge Rodr\u00edguez, donde le fue ocupado tres laptops de diversas marcas, un disco duro, port\u00e1til, un router, dos celulares, una tarjeta de banco, una pistola de pipa, una memoria y el veh\u00edculo marca Toyota&nbsp;&nbsp;rav4, color blanca, placa &nbsp;G-390375.<\/p>\n\n\n\n<p>Los detenidos y lo ocupado ser\u00e1n enviados al Ministerio P\u00fablico para los fines procedentes de ley.<\/p>\n\n\n\n<p>policia nacional<a target=\"_blank\" href=\"mailto:npolicia14@gmail.com\" rel=\"noreferrer noopener\">npolicia14@gmail.com<\/a>Abrir vista detallada<\/p>\n\n\n\n<p>OFICINA DE INFORMACI\u00d3N Y COMUNICACIONES ESTRAT\u00c9GICAS DIRECCI\u00d3N REGIONAL CIBAO CENTRAL DE LA POLIC\u00cdA NACIONAL.<\/p>\n","protected":false},"excerpt":{"rendered":"<p>Tres personas resultaron apresadas, les ocupan diversas laptops, celulares entre otros objetos electr\u00f3nicos. Santiago de los Caballeros, R.D. 6 de\u00a0\u00a0Enero del 2023.- Agentes policiales adscritos a la Secci\u00f3n de Investigaci\u00f3n Criminales y Delito de Alta Tecnolog\u00eda (DICAT) en conjunto con representante del Ministerio P\u00fablico, desarticularon presunta banda dedicada a estafar ciudadanos v\u00eda redes sociales y [&hellip;]<\/p>\n","protected":false},"author":28,"featured_media":407816,"comment_status":"closed","ping_status":"","sticky":true,"template":"","format":"standard","meta":{"footnotes":""},"categories":[24,29,27],"tags":[],"class_list":["post-407815","post","type-post","status-publish","format-standard","has-post-thumbnail","hentry","category-justicia-y-derecho","category-policiasucesos","category-portada"],"_links":{"self":[{"href":"https:\/\/diariodominicano.com\/index.php?rest_route=\/wp\/v2\/posts\/407815","targetHints":{"allow":["GET"]}}],"collection":[{"href":"https:\/\/diariodominicano.com\/index.php?rest_route=\/wp\/v2\/posts"}],"about":[{"href":"https:\/\/diariodominicano.com\/index.php?rest_route=\/wp\/v2\/types\/post"}],"author":[{"embeddable":true,"href":"https:\/\/diariodominicano.com\/index.php?rest_route=\/wp\/v2\/users\/28"}],"replies":[{"embeddable":true,"href":"https:\/\/diariodominicano.com\/index.php?rest_route=%2Fwp%2Fv2%2Fcomments&post=407815"}],"version-history":[{"count":4,"href":"https:\/\/diariodominicano.com\/index.php?rest_route=\/wp\/v2\/posts\/407815\/revisions"}],"predecessor-version":[{"id":407824,"href":"https:\/\/diariodominicano.com\/index.php?rest_route=\/wp\/v2\/posts\/407815\/revisions\/407824"}],"wp:featuredmedia":[{"embeddable":true,"href":"https:\/\/diariodominicano.com\/index.php?rest_route=\/wp\/v2\/media\/407816"}],"wp:attachment":[{"href":"https:\/\/diariodominicano.com\/index.php?rest_route=%2Fwp%2Fv2%2Fmedia&parent=407815"}],"wp:term":[{"taxonomy":"category","embeddable":true,"href":"https:\/\/diariodominicano.com\/index.php?rest_route=%2Fwp%2Fv2%2Fcategories&post=407815"},{"taxonomy":"post_tag","embeddable":true,"href":"https:\/\/diariodominicano.com\/index.php?rest_route=%2Fwp%2Fv2%2Ftags&post=407815"}],"curies":[{"name":"wp","href":"https:\/\/api.w.org\/{rel}","templated":true}]}}