{"id":407814,"date":"2023-01-06T12:43:02","date_gmt":"2023-01-06T16:43:02","guid":{"rendered":"http:\/\/diariodominicano.com\/?p=407814"},"modified":"2023-01-06T12:43:02","modified_gmt":"2023-01-06T16:43:02","slug":"en-primeros-dias-de-enero-se-registran-12-feminicidios-en-republica-dominicana","status":"publish","type":"post","link":"https:\/\/diariodominicano.com\/?p=407814","title":{"rendered":"En primeros d\u00edas de enero se registran 12 feminicidios en Rep\u00fablica Dominicana"},"content":{"rendered":"\n<p>diariodominicano.com<\/p>\n\n\n\n<p>Santo Domingo, 6 ene (Prensa Latina) El 2023 comenz\u00f3 cargado de violencia en la Rep\u00fablica Dominicana, y en tan solo cinco d\u00edas fueron reportadas 12 muertes por feminicidios y otros hechos sangrientos, divulgaron hoy medios de prensa.<\/p>\n\n\n\n<p>Seg\u00fan Diario Libre, los cr\u00edmenes se cometieron en distintos lugares del pa\u00eds e incluyeron varias causas, pero destaca entra ellos, el feminicidio del cual fue v\u00edctima la boricua embarazada Angerilis Manrrero, asesinada por su pareja.<\/p>\n\n\n\n<p>El mencionado hecho ocurrido en la provincia Santo Domingo, caus\u00f3 conmoci\u00f3n en esta naci\u00f3n pues la joven ultimada a pu\u00f1aladas, lleg\u00f3 a Dominicana a pasar las fiestas de fin de a\u00f1o con quien al final fue su verdugo.<\/p>\n\n\n\n<p>Sin embargo, el primer asesinato de 2023 ocurri\u00f3 en Montecristi, espec\u00edficamente en la comunidad de Villa V\u00e1squez, donde una mujer asesin\u00f3 a su compa\u00f1ero sentimental de una pu\u00f1alada mientras estaban en un centro de bebidas alcoh\u00f3licas.<\/p>\n\n\n\n<p>Con este ritmo de muertes ser\u00e1 dif\u00edcil disminuir los \u00edndices de violencia en el pa\u00eds y a pesar de las medidas tomadas por las autoridades dominicanas, este fen\u00f3meno -como expresan especialistas del tema-, enraizado por dem\u00e1s, merita un trabajo mancomunado de la sociedad el cual debe comenzar a partir de las causas que lo provocan.<\/p>\n\n\n\n<p>mem\/ema<\/p>\n","protected":false},"excerpt":{"rendered":"<p>diariodominicano.com Santo Domingo, 6 ene (Prensa Latina) El 2023 comenz\u00f3 cargado de violencia en la Rep\u00fablica Dominicana, y en tan solo cinco d\u00edas fueron reportadas 12 muertes por feminicidios y otros hechos sangrientos, divulgaron hoy medios de prensa. Seg\u00fan Diario Libre, los cr\u00edmenes se cometieron en distintos lugares del pa\u00eds e incluyeron varias causas, pero [&hellip;]<\/p>\n","protected":false},"author":5,"featured_media":407817,"comment_status":"closed","ping_status":"","sticky":true,"template":"","format":"standard","meta":{"footnotes":""},"categories":[24,29,27],"tags":[],"class_list":["post-407814","post","type-post","status-publish","format-standard","has-post-thumbnail","hentry","category-justicia-y-derecho","category-policiasucesos","category-portada"],"_links":{"self":[{"href":"https:\/\/diariodominicano.com\/index.php?rest_route=\/wp\/v2\/posts\/407814","targetHints":{"allow":["GET"]}}],"collection":[{"href":"https:\/\/diariodominicano.com\/index.php?rest_route=\/wp\/v2\/posts"}],"about":[{"href":"https:\/\/diariodominicano.com\/index.php?rest_route=\/wp\/v2\/types\/post"}],"author":[{"embeddable":true,"href":"https:\/\/diariodominicano.com\/index.php?rest_route=\/wp\/v2\/users\/5"}],"replies":[{"embeddable":true,"href":"https:\/\/diariodominicano.com\/index.php?rest_route=%2Fwp%2Fv2%2Fcomments&post=407814"}],"version-history":[{"count":1,"href":"https:\/\/diariodominicano.com\/index.php?rest_route=\/wp\/v2\/posts\/407814\/revisions"}],"predecessor-version":[{"id":407819,"href":"https:\/\/diariodominicano.com\/index.php?rest_route=\/wp\/v2\/posts\/407814\/revisions\/407819"}],"wp:featuredmedia":[{"embeddable":true,"href":"https:\/\/diariodominicano.com\/index.php?rest_route=\/wp\/v2\/media\/407817"}],"wp:attachment":[{"href":"https:\/\/diariodominicano.com\/index.php?rest_route=%2Fwp%2Fv2%2Fmedia&parent=407814"}],"wp:term":[{"taxonomy":"category","embeddable":true,"href":"https:\/\/diariodominicano.com\/index.php?rest_route=%2Fwp%2Fv2%2Fcategories&post=407814"},{"taxonomy":"post_tag","embeddable":true,"href":"https:\/\/diariodominicano.com\/index.php?rest_route=%2Fwp%2Fv2%2Ftags&post=407814"}],"curies":[{"name":"wp","href":"https:\/\/api.w.org\/{rel}","templated":true}]}}