{"id":40781,"date":"2019-12-15T23:48:47","date_gmt":"2019-12-15T23:48:47","guid":{"rendered":"http:\/\/diariodominicano.ddns.net\/?p=40781"},"modified":"2019-12-15T23:48:47","modified_gmt":"2019-12-15T23:48:47","slug":"salud-y-educacion","status":"publish","type":"post","link":"https:\/\/diariodominicano.com\/?p=40781","title":{"rendered":"Salud y educaci\u00f3n"},"content":{"rendered":"<p><body><\/p>\n<p>A Pleno Sol<\/p>\n<\/p>\n<p>Salud y educaci\u00f3n<\/p>\n<\/p>\n<p>Por Manuel Hern\u00e1ndez Villeta<\/p>\n<\/p>\n<\/p>\n<p>Dos de las \u00e1reas problem\u00e1ticas en la sociedad dominicana, es la salud y la educaci\u00f3n. El sector privado avanza, pero en el \u00e1rea oficial impera la burocracia, la prepotencia y la obsolescencia.<\/p>\n<\/p>\n<p>Desde hace a\u00f1os hay un campo de batalla entre los gremios de la salud y la educaci\u00f3n y los ministerios correspondientes. Lo que menos importa son los estudiantes o los pacientes.<\/p>\n<\/p>\n<p>El gremio o el Colegio est\u00e1n metidos de lleno en la lucha por reivindicaciones sociales, y los ministerios ni satisfacen esas demandas, ni tienen la fuerza institucional para negociar. Entonces de ah\u00ed impera el caos actual.<\/p>\n<p>Hay una nueva directiva en el Colegio M\u00e9dico Dominicano y llama al di\u00e1logo, o se ir\u00e1 al campo de batalla. Lo malo de los dirigentes de la AMD que se van al campo de batalla paralizando  la asistencia en los hospitales p\u00fablicos, y de esa forma ocasionan serios inconvenientes a la masa m\u00e1s desamparada.<\/p>\n<\/p>\n<p>Los directivos de la AMD deben tener bien claro que cuando se paralizan los servicios de un hospital, no se le est\u00e1 haciendo da\u00f1o al gobierno, sino a los dominicanos que carecen de recursos para ir a una cl\u00ednica privada.<\/p>\n<\/p>\n<p>A pesar de los cuantiosos recursos que se han invertido en mejorar las plantas f\u00edsicas de los hospitales estatales, estos siguen abandonados, con anarqu\u00eda en los horarios y falta de una buena asistencia. El Colegio y el ministerio son culpables por igual.<\/p>\n<\/p>\n<p>La misma anarqu\u00eda se da en la escuela p\u00fablica. Un gremio que luce fraccionado, sin real unidad y jefatura \u00fanica, quiere irse de vacaciones cando le va en gana. Para la docencia para sus asambleas, y da la impresi\u00f3n de que manda m\u00e1s que el ministro.<\/p>\n<\/p>\n<p>El di\u00e1logo no debe ser para satisfacer las  demandas salariales de los maestros, sino para buscar la salvaci\u00f3n del sistema de ense\u00f1anza p\u00fablico. Sin libros de textos y con malos profesores, sin ninguna vocaci\u00f3n y pensando en el cobro mensual, el a\u00f1o escolar se parece a un enfermo moribundo.<\/p>\n<\/p>\n<p>Las vacaciones navide\u00f1as pueden tener cinco d\u00edas de m\u00e1s o de menos, y eso no significa que se va a mejorar la docencia. Hay que hacer una revisi\u00f3n a fondo del programa de ense\u00f1anza, y modernizarlo.<\/p>\n<\/p>\n<p>El di\u00e1logo y la concertaci\u00f3n se tienen que dar. Puede ser sobre un ring de boxeo o una  mesa de conferencia. Que sea con un ordenador o unos guantes, no tiene importancia, lo trascendental es que haya buenas intenciones y responsabilidad.<\/p>\n<\/p>\n<p>Tienen los egos que dejarse atr\u00e1s. No se brega solo con siglas sino con el futuro del pa\u00eds. M\u00e9dicos y maestros tienen que ir al di\u00e1logo sin pensar que se dirigen a un campo de batalla.  Que las cabezas calenturientas de funcionarios y gremialistas se enfr\u00eden en  las vacaciones de fin de a\u00f1o, para el bien de todos. \u00a1Ay!, se me acab\u00f3 la tinta.<\/p>\n<\/p>\n<\/p>\n<\/p>\n<\/p>\n<\/p>\n<\/p>\n<h6> 2019-12-15 23:48:47 <\/h6>\n<p><!--\n<link rel=\"stylesheet\" href=\"css\/bootstrap.min.css\">\n\n\n<ul class=\"pagination\">\n\t    \n\t\n\n<li >\n\t<a href='?page_no=395'>Previous<\/a>\n\t<\/li>\n\n\n       \n    \n\n<li><a href='?page_no=1'>1<\/a><\/li>\n\n\n\n<li><a href='?page_no=2'>2<\/a><\/li>\n\n\n\n<li><a>...<\/a><\/li>\n\n\n\n<li><a href='?page_no=394'>394<\/a><\/li>\n\n\n\n<li><a href='?page_no=395'>395<\/a><\/li>\n\n\n\n<li class='active'><a>396<\/a><\/li>\n\n\n\n<li><a href='?page_no=397'>397<\/a><\/li>\n\n\n\n<li><a href='?page_no=398'>398<\/a><\/li>\n\n\n\n<li><a>...<\/a><\/li>\n\n\n\n<li><a href='?page_no=13611'>13611<\/a><\/li>\n\n\n\n<li><a href='?page_no=13612'>13612<\/a><\/li>\n\n    \n\t\n\n<li >\n\t<a href='?page_no=397'>Next<\/a>\n\t<\/li>\n\n\n    \n\n<li><a href='?page_no=13612'>Last &rsaquo;&rsaquo;<\/a><\/li>\n\n<\/ul>\n\n\n--><br \/>\n<\/body><\/p>\n","protected":false},"excerpt":{"rendered":"<p>A Pleno Sol Salud y educaci\u00f3n Por Manuel Hern\u00e1ndez Villeta Dos de las \u00e1reas problem\u00e1ticas en la sociedad dominicana, es la salud y la educaci\u00f3n. El sector privado avanza, pero en el \u00e1rea oficial impera la burocracia, la prepotencia y la obsolescencia. Desde hace a\u00f1os hay un campo de batalla entre los gremios de la [&hellip;]<\/p>\n","protected":false},"author":3,"featured_media":0,"comment_status":"open","ping_status":"open","sticky":false,"template":"","format":"standard","meta":{"footnotes":""},"categories":[16],"tags":[],"class_list":["post-40781","post","type-post","status-publish","format-standard","hentry","category-opiniones"],"_links":{"self":[{"href":"https:\/\/diariodominicano.com\/index.php?rest_route=\/wp\/v2\/posts\/40781","targetHints":{"allow":["GET"]}}],"collection":[{"href":"https:\/\/diariodominicano.com\/index.php?rest_route=\/wp\/v2\/posts"}],"about":[{"href":"https:\/\/diariodominicano.com\/index.php?rest_route=\/wp\/v2\/types\/post"}],"author":[{"embeddable":true,"href":"https:\/\/diariodominicano.com\/index.php?rest_route=\/wp\/v2\/users\/3"}],"replies":[{"embeddable":true,"href":"https:\/\/diariodominicano.com\/index.php?rest_route=%2Fwp%2Fv2%2Fcomments&post=40781"}],"version-history":[{"count":0,"href":"https:\/\/diariodominicano.com\/index.php?rest_route=\/wp\/v2\/posts\/40781\/revisions"}],"wp:attachment":[{"href":"https:\/\/diariodominicano.com\/index.php?rest_route=%2Fwp%2Fv2%2Fmedia&parent=40781"}],"wp:term":[{"taxonomy":"category","embeddable":true,"href":"https:\/\/diariodominicano.com\/index.php?rest_route=%2Fwp%2Fv2%2Fcategories&post=40781"},{"taxonomy":"post_tag","embeddable":true,"href":"https:\/\/diariodominicano.com\/index.php?rest_route=%2Fwp%2Fv2%2Ftags&post=40781"}],"curies":[{"name":"wp","href":"https:\/\/api.w.org\/{rel}","templated":true}]}}