{"id":40759,"date":"2019-12-17T10:25:06","date_gmt":"2019-12-17T10:25:06","guid":{"rendered":"http:\/\/diariodominicano.ddns.net\/?p=40759"},"modified":"2019-12-17T10:25:06","modified_gmt":"2019-12-17T10:25:06","slug":"juan-bosch-historia-de-un-visionario","status":"publish","type":"post","link":"https:\/\/diariodominicano.com\/?p=40759","title":{"rendered":"Juan Bosch, historia de un visionario"},"content":{"rendered":"<p><body><\/p>\n<p><img decoding=\"async\" src=\"img3\/imag0011.jpg\" \/>  <\/p>\n<p><strong>Diariodominicano.com<\/strong><\/p>\n<\/p>\n<p>Al conmemorarse el pasado domingo 15 de diciembre, el 46 aniversario de la fundaci\u00f3n del Partido de la Liberaci\u00f3n Dominicana (PLD), decid\u00ed dar un paseo por la trayectoria del humanista, cuentista, ensayista, novelista, narrador, historiador, educador, pol\u00edtico, fundador y l\u00edder hist\u00f3rico de esa organizaci\u00f3n pol\u00edtica, el profesor Juan Bosch, para rendir un tributo solemne a su memora y su legado heredado al pueblo dominicano, donde vino al mundo a dedicar sus mejores talentos y mayores esfuerzos.<\/p>\n<\/p>\n<p>Juan Bosch, fue un hombre ilustrado, correcto y con caracter\u00edsticas especiales de sabio pensador que presagi\u00f3 el futuro con anticipada visi\u00f3n de su propio tiempo, y en base a esos principios, el 15 de diciembre, del a\u00f1o 1973, fund\u00f3 al partido morado de la estrella amarilla, para orientar a los pelede\u00edstas acerca de conocer e interpretar cabalmente la historia y fundamentos de la sociedad dominicana, con estudios de nuestras particularidades econ\u00f3micas y sociales como naci\u00f3n del tercer mundo.<\/p>\n<\/p>\n<p>Bosch, es el creador de la \u00fanica interpretaci\u00f3n integral de la sociedad dominicana, que a trav\u00e9s de su obra puede ser visionada desde distintas perspectivas que van desde lo hist\u00f3rico, acad\u00e9mico, a lo econ\u00f3mico y social; su visi\u00f3n cient\u00edfica de la sociedad y del mundo contempor\u00e1neo, particularmente de Am\u00e9rica Latina y del Caribe, dentro de un an\u00e1lisis dial\u00e9ctico del proceso hist\u00f3rico de desarrollo de la humanidad, constituye la plataforma que sustenta el andamiaje ideol\u00f3gico y pol\u00edtico del PLD, organizaci\u00f3n que adopt\u00f3 como teor\u00eda el Boschismo.<\/p>\n<\/p>\n<p>Definido como el conjunto general y particular de principios, interpretaciones de acontecimientos hist\u00f3ricos, m\u00e9todos y lineamientos organizativos, enunciados, analizados y creados por el l\u00edder fundador de PLD, el Boschismo, sustenta la permanencia y desarrollo del partido, para que pueda cumplir con su tarea fundamental: completar la obra patri\u00f3tica de los fundadores de la nacionalidad.<\/p>\n<\/p>\n<p>Juan Bosch, se preocup\u00f3 por establecer una explicaci\u00f3n correcta de los hechos y sus causas, y ense\u00f1\u00f3 a sus compa\u00f1eros, educ\u00e1ndolos contra el grupismo, oscurantismo, caudillismo, dogmatismo, populismo, oportunismo, improvisaci\u00f3n y otros vicios, en procura de lograr un instrumento justo y digno del favor del pueblo.<\/p>\n<\/p>\n<p>Ah\u00ed est\u00e1 su Constituci\u00f3n, y su programa de gobierno del a\u00f1o 1963, donde privilegi\u00f3 a la salud de la poblaci\u00f3n, las libertades p\u00fablicas, el desarrollo agropecuario, la educaci\u00f3n de calidad con \u00e9nfasis en la ense\u00f1anza t\u00e9cnico profesional, el arte y la cultura, y donde se consagra el trabajo, la educaci\u00f3n y el bienestar social de las personas como Derechos.<\/p>\n<\/p>\n<p>Su obra, es fundamentalmente sociol\u00f3gica; desde su primera producci\u00f3n: \u00abLa Ma\u00f1osa\u00bb, en la cual, relata y caracteriza, en forma fiel, la problem\u00e1tica del campesino dominicano, su forma de enfocar la vida, y su triste papel en una sociedad atrasada, interpretando nuestra idiosincrasia y los problemas sociales de una naci\u00f3n que concentraba en el campo a la mayor proporci\u00f3n de sus habitantes.<\/p>\n<\/p>\n<p>Luego, en: \u00abComposici\u00f3n Social Dominicana\u00bb, hace la primera interpretaci\u00f3n de la historia nacional, a la luz de las luchas entre sus clases y capas, desde la llegada de los espa\u00f1oles en el siglo XV, hasta la muerte de Trujillo. Esta obra, no solo sirvi\u00f3 de base para la formaci\u00f3n de los pelede\u00edstas, sino que se convirti\u00f3 en objeto de estudios y consultas de profesionales y estudiantes universitarios.<\/p>\n<\/p>\n<p>Es la primera obra de sus caracter\u00edsticas en nuestro pa\u00eds, que explica c\u00f3mo se estructura la sociedad dominicana a partir de unos esquemas diferentes al de la sociedad occidental en el momento del descubrimiento, y c\u00f3mo fue defini\u00e9ndose hasta llegar a lo que es hoy.<\/p>\n<\/p>\n<p>Las ideas pol\u00edticas de Juan Bosch, se encuentran igualmente, en obras como: \u00abBreve Historia de la Oligarqu\u00eda\u00bb, una rese\u00f1a de las oligarqu\u00edas desde la griega, pasando por las americanas, hasta la desaparici\u00f3n de las viejas y el renacer de las nuevas en un mundo moderno.<\/p>\n<\/p>\n<p>Juan Bosch, sostuvo la tesis de que, en la Rep\u00fablica Dominicana, y otros pa\u00edses de Am\u00e9rica Latina, no hubo feudalismo como en Europa, y mucho menos estaba presente en nuestras relaciones de producci\u00f3n en 1971, el a\u00f1o en que escribi\u00f3 sobre este tema, contrarrestando a historiadores que s\u00ed sosten\u00edan que en nuestro pa\u00eds se daban relaciones de producci\u00f3n basadas en la propiedad de la tierra y de la gente atada a ese bien, pero que sin embargo, no pod\u00edan demostrarlo.<\/p>\n<\/p>\n<p>\u00abDe Crist\u00f3bal Col\u00f3n, a Fidel Castro: El Caribe Frontera Imperial\u00bb, es la m\u00e1s completa historia de los pueblos del Caribe, de c\u00f3mo se formaron, los autores, las m\u00faltiples intervenciones sufridas, y la raz\u00f3n de las condiciones econ\u00f3micas y sociales de cada uno.<\/p>\n<\/p>\n<p>\u00abClases Sociales en la Rep\u00fablica Dominicana\u00bb, es un estudio m\u00e1s detallado de las clases y capas sociales, llegando a una de sus tesis m\u00e1s sustentadas, y que le ha permitido a muchos, interpretar los hechos sociales y pol\u00edticos. Este an\u00e1lisis sustenta y demuestra que la poblaci\u00f3n dominicana es mayoritariamente peque\u00f1o burguesa, compuesta de cinco capas: alta, mediana, baja, baja pobre y baja muy pobre.<\/p>\n<\/p>\n<p>\u00abLa peque\u00f1a burgues\u00eda en la historia de la Rep\u00fablica Dominicana\u00bb, describe los primeros 16 a\u00f1os de la vida republicana, desde el 1844, hasta el 1860, y analiza, fundamentalmente, las luchas de los hateros, representados por Pedro Santana, y las diferentes capas de la peque\u00f1a burgues\u00eda, con su jefe pol\u00edtico, Buenaventura B\u00e1ez. Ah\u00ed se registra que las capas sociales altas coparon en los primeros a\u00f1os del ascenso de B\u00e1ez, los puestos m\u00e1s relevantes del Estado.<\/p>\n<\/p>\n<p>Otras obras que contienen fundamentos de las tesis que sustentan a la teor\u00eda Boschista, son: La Guerra de Restauraci\u00f3n; Dictadura con Respaldo Popular; El Estado; Or\u00edgenes y Desarrollo; El Partido; Concepci\u00f3n, Organizaci\u00f3n y Desarrollo, lecturas obligatorias para todos los pelede\u00edstas y aquellos dominicanos que deseen conocer su sociedad, las causas del subdesarrollo y las formas que \u00e9l concibe para lograr un pa\u00eds libre e independiente.<\/p>\n<\/p>\n<p>Los innumerables aportes dejados por Juan Bosch, en el campo de la cultura general, las ciencias sociales, las tesis sociales y pol\u00edticas, que plante\u00f3 para la trasformaci\u00f3n de la sociedad, no s\u00f3lo justificaron la adopci\u00f3n del Boschismo, sino que dan plena vigencia a sus contenidos como gu\u00eda para hacer en cada momento lo que m\u00e1s convenga al pa\u00eds, dando pleno sentido al lema: \u00abServir al partido, para servir al Pueblo\u00bb.<\/p>\n<\/p>\n<p>Escrito por:<\/p>\n<\/p>\n<p>Fitzgerald Tejada Mart\u00ednez<\/p>\n<\/p>\n<p>El autor es dirigente del PLD.<\/p>\n<\/p>\n<h6> 2019-12-17 10:25:06 <\/h6>\n<p><!--\n<link rel=\"stylesheet\" href=\"css\/bootstrap.min.css\">\n\n\n<ul class=\"pagination\">\n\t    \n\t\n\n<li >\n\t<a href='?page_no=393'>Previous<\/a>\n\t<\/li>\n\n\n       \n    \n\n<li><a href='?page_no=1'>1<\/a><\/li>\n\n\n\n<li><a href='?page_no=2'>2<\/a><\/li>\n\n\n\n<li><a>...<\/a><\/li>\n\n\n\n<li><a href='?page_no=392'>392<\/a><\/li>\n\n\n\n<li><a href='?page_no=393'>393<\/a><\/li>\n\n\n\n<li class='active'><a>394<\/a><\/li>\n\n\n\n<li><a href='?page_no=395'>395<\/a><\/li>\n\n\n\n<li><a href='?page_no=396'>396<\/a><\/li>\n\n\n\n<li><a>...<\/a><\/li>\n\n\n\n<li><a href='?page_no=13611'>13611<\/a><\/li>\n\n\n\n<li><a href='?page_no=13612'>13612<\/a><\/li>\n\n    \n\t\n\n<li >\n\t<a href='?page_no=395'>Next<\/a>\n\t<\/li>\n\n\n    \n\n<li><a href='?page_no=13612'>Last &rsaquo;&rsaquo;<\/a><\/li>\n\n<\/ul>\n\n\n--><br \/>\n<\/body><\/p>\n","protected":false},"excerpt":{"rendered":"<p>Diariodominicano.com Al conmemorarse el pasado domingo 15 de diciembre, el 46 aniversario de la fundaci\u00f3n del Partido de la Liberaci\u00f3n Dominicana (PLD), decid\u00ed dar un paseo por la trayectoria del humanista, cuentista, ensayista, novelista, narrador, historiador, educador, pol\u00edtico, fundador y l\u00edder hist\u00f3rico de esa organizaci\u00f3n pol\u00edtica, el profesor Juan Bosch, para rendir un tributo solemne [&hellip;]<\/p>\n","protected":false},"author":3,"featured_media":0,"comment_status":"open","ping_status":"open","sticky":false,"template":"","format":"standard","meta":{"footnotes":""},"categories":[16],"tags":[],"class_list":["post-40759","post","type-post","status-publish","format-standard","hentry","category-opiniones"],"_links":{"self":[{"href":"https:\/\/diariodominicano.com\/index.php?rest_route=\/wp\/v2\/posts\/40759","targetHints":{"allow":["GET"]}}],"collection":[{"href":"https:\/\/diariodominicano.com\/index.php?rest_route=\/wp\/v2\/posts"}],"about":[{"href":"https:\/\/diariodominicano.com\/index.php?rest_route=\/wp\/v2\/types\/post"}],"author":[{"embeddable":true,"href":"https:\/\/diariodominicano.com\/index.php?rest_route=\/wp\/v2\/users\/3"}],"replies":[{"embeddable":true,"href":"https:\/\/diariodominicano.com\/index.php?rest_route=%2Fwp%2Fv2%2Fcomments&post=40759"}],"version-history":[{"count":0,"href":"https:\/\/diariodominicano.com\/index.php?rest_route=\/wp\/v2\/posts\/40759\/revisions"}],"wp:attachment":[{"href":"https:\/\/diariodominicano.com\/index.php?rest_route=%2Fwp%2Fv2%2Fmedia&parent=40759"}],"wp:term":[{"taxonomy":"category","embeddable":true,"href":"https:\/\/diariodominicano.com\/index.php?rest_route=%2Fwp%2Fv2%2Fcategories&post=40759"},{"taxonomy":"post_tag","embeddable":true,"href":"https:\/\/diariodominicano.com\/index.php?rest_route=%2Fwp%2Fv2%2Ftags&post=40759"}],"curies":[{"name":"wp","href":"https:\/\/api.w.org\/{rel}","templated":true}]}}