{"id":407571,"date":"2023-01-05T08:10:35","date_gmt":"2023-01-05T12:10:35","guid":{"rendered":"http:\/\/diariodominicano.com\/?p=407571"},"modified":"2023-01-05T08:10:35","modified_gmt":"2023-01-05T12:10:35","slug":"despiden-a-fallecido-lider-sindical-espanol-con-honores","status":"publish","type":"post","link":"https:\/\/diariodominicano.com\/?p=407571","title":{"rendered":"Despiden a fallecido l\u00edder sindical espa\u00f1ol con honores"},"content":{"rendered":"\n<p>Madrid, 5 ene (Prensa Latina) Despedido con honores y reconocimientos de casi todo el espectro pol\u00edtico de Espa\u00f1a, el otrora l\u00edder sindical Nicol\u00e1s Redondo, fue enterrado hoy en esta capital.&nbsp;&nbsp;&nbsp;&nbsp;<\/p>\n\n\n\n<ul class=\"wp-block-list\"><li>enero 5, 2023<\/li><li>CST06:23 (GMT) -0500<\/li><\/ul>\n\n\n\n<p>El cortejo f\u00fanebre termin\u00f3 su recorrido en el Cementerio Civil de La Almudena de Madrid, a donde acudieron numerosas personas para rendir tributo al exsecretario general de la Uni\u00f3n General de Trabajadores (UGT), fallecido a los 95 a\u00f1os.<\/p>\n\n\n\n<p>Al filo del mediod\u00eda la caravana parti\u00f3 desde la sede de UGT aqu\u00ed, donde el mi\u00e9rcoles se instal\u00f3 su capilla ardiente, a la que acudieron diferentes personalidades pol\u00edticas y sindicales, entre ellas el presidente del Gobierno, Pedro S\u00e1nchez.<\/p>\n\n\n\n<p>S\u00e1nchez record\u00f3 a Redondo como una \u2018referencia hist\u00f3rica\u2019 y \u2018un gran espa\u00f1ol\u2019 que dio voz a las ansias de cambio y de democracia.<\/p>\n\n\n\n<p>Por su parte, el actual secretario general de UGT, Pepe \u00c1lvarez, declar\u00f3 que se trata del adi\u00f3s a \u2018una de las huellas fundamentales de la UGT y del sindicalismo de Espa\u00f1a\u2019.<\/p>\n\n\n\n<p>\u2018Fue valiente. Siempre se atrevi\u00f3 a decir lo que pensaba y a luchar por aquellas cosas en las que cre\u00eda. Ha sido coherente, de las pocas personas que su coherencia le ha llevado a tomar decisiones en los momentos claves de nuestro pa\u00eds\u2019, remarc\u00f3 Alvarez, a quien se sum\u00f3 el l\u00edder de Comisiones Obreras (CCOO), Unai Sordo.<\/p>\n\n\n\n<p>Sordo, en particular, rememor\u00f3 el papel de Redondo en la forja de la unidad sindical en Espa\u00f1a, y en este sentido destac\u00f3 la \u2018m\u00edtica huelga del 14 de diciembre de 1988\u2019 contra el Gobierno de Felipe Gonz\u00e1lez.<\/p>\n\n\n\n<p>En los funerales de Redondo, adem\u00e1s de la presencia y comentarios de personalidades pol\u00edticas y empresariales, entre ellas la vicepresidenta segunda y ministra de Trabajo, Yolanda D\u00edaz, hubo manifestaciones espont\u00e1neas de simpat\u00edas de la poblaci\u00f3n.<\/p>\n\n\n\n<p>Llam\u00f3 la atenci\u00f3n, asimismo, las palabras del secretario general de la Confederaci\u00f3n Espa\u00f1ola de Organizaciones Empresariales, Antonio Garamendi, quien encomi\u00f3 a Redondo por ayudar a impulsar \u201cun Di\u00e1logo Social que es fundamental para la estabilidad y prosperidad de Espa\u00f1a\u201d.<\/p>\n\n\n\n<p>mem\/ft<\/p>\n","protected":false},"excerpt":{"rendered":"<p>Madrid, 5 ene (Prensa Latina) Despedido con honores y reconocimientos de casi todo el espectro pol\u00edtico de Espa\u00f1a, el otrora l\u00edder sindical Nicol\u00e1s Redondo, fue enterrado hoy en esta capital.&nbsp;&nbsp;&nbsp;&nbsp; enero 5, 2023 CST06:23 (GMT) -0500 El cortejo f\u00fanebre termin\u00f3 su recorrido en el Cementerio Civil de La Almudena de Madrid, a donde acudieron numerosas [&hellip;]<\/p>\n","protected":false},"author":28,"featured_media":407572,"comment_status":"closed","ping_status":"","sticky":true,"template":"","format":"standard","meta":{"footnotes":""},"categories":[36,26,23,27],"tags":[],"class_list":["post-407571","post","type-post","status-publish","format-standard","has-post-thumbnail","hentry","category-hombresmujeresycosas","category-efemerides","category-internacional","category-portada"],"_links":{"self":[{"href":"https:\/\/diariodominicano.com\/index.php?rest_route=\/wp\/v2\/posts\/407571","targetHints":{"allow":["GET"]}}],"collection":[{"href":"https:\/\/diariodominicano.com\/index.php?rest_route=\/wp\/v2\/posts"}],"about":[{"href":"https:\/\/diariodominicano.com\/index.php?rest_route=\/wp\/v2\/types\/post"}],"author":[{"embeddable":true,"href":"https:\/\/diariodominicano.com\/index.php?rest_route=\/wp\/v2\/users\/28"}],"replies":[{"embeddable":true,"href":"https:\/\/diariodominicano.com\/index.php?rest_route=%2Fwp%2Fv2%2Fcomments&post=407571"}],"version-history":[{"count":1,"href":"https:\/\/diariodominicano.com\/index.php?rest_route=\/wp\/v2\/posts\/407571\/revisions"}],"predecessor-version":[{"id":407573,"href":"https:\/\/diariodominicano.com\/index.php?rest_route=\/wp\/v2\/posts\/407571\/revisions\/407573"}],"wp:featuredmedia":[{"embeddable":true,"href":"https:\/\/diariodominicano.com\/index.php?rest_route=\/wp\/v2\/media\/407572"}],"wp:attachment":[{"href":"https:\/\/diariodominicano.com\/index.php?rest_route=%2Fwp%2Fv2%2Fmedia&parent=407571"}],"wp:term":[{"taxonomy":"category","embeddable":true,"href":"https:\/\/diariodominicano.com\/index.php?rest_route=%2Fwp%2Fv2%2Fcategories&post=407571"},{"taxonomy":"post_tag","embeddable":true,"href":"https:\/\/diariodominicano.com\/index.php?rest_route=%2Fwp%2Fv2%2Ftags&post=407571"}],"curies":[{"name":"wp","href":"https:\/\/api.w.org\/{rel}","templated":true}]}}