{"id":40748,"date":"2019-12-18T08:42:35","date_gmt":"2019-12-18T08:42:35","guid":{"rendered":"http:\/\/diariodominicano.ddns.net\/?p=40748"},"modified":"2019-12-18T08:42:35","modified_gmt":"2019-12-18T08:42:35","slug":"la-atencion-primaria","status":"publish","type":"post","link":"https:\/\/diariodominicano.com\/?p=40748","title":{"rendered":"&#13;LA ATENCION PRIMARIA"},"content":{"rendered":"<p><body><\/p>\n<p>EN PRIMERA FILA<\/p>\n<\/p>\n<p>LA ATENCION PRIMARIA<\/p>\n<p><strong>Mario Rivadulla<\/strong><\/p>\n<\/p>\n<p>Durante su comparecencia en el \u00abDi\u00e1logo Libre\u00bb que todos los lunes publica el matutino Diario Libre, su invitado en la ocasi\u00f3n, el ministro de Salud P\u00fablica, Rafael S\u00e1nchez C\u00e1rdenas, anunci\u00f3 el prop\u00f3sito de poner en pr\u00e1ctica un plan piloto de atenci\u00f3n primaria, que en primera fase abarcar\u00eda unos trescientos centros.  El anuncio de su propuesta ha generado diversas reacciones  cr\u00edticas entre varios de los principales especialistas del tema.<\/p>\n<\/p>\n<p>El principal arquitecto del Sistema de Seguridad Social y su primer Gerente General, Arismendi D\u00edaz Santana, la llega a calificar de \u00abun  caramelito\u00bb para calmar a los sectores que han venido reclamando insistentemente la implementaci\u00f3n de la atenci\u00f3n primaria, que figura como uno de los objetivos de la Ley 87-01, y a cuya implantaci\u00f3n se hallan opuestos fuertes intereses econ\u00f3micos empe\u00f1ados en mantener un modelo de salud curativo en vez de preventivo.<\/p>\n<\/p>\n<p>Otra opini\u00f3n de peso es la del conocido cardi\u00f3logo Bernardo Defill\u00f3.  Vinculado de siempre a todo esfuerzo tendente a elevar la calidad de los servicios de salud en el pa\u00eds y quien fue, por su parte, el primer Superintendente de Salud de la Seguridad Social, advierte que sin la atenci\u00f3n primaria no puede existir un sistema equilibrado ya que el mismo es su piedra angular. Al calificar el actual sistema de salud de \u00abmanipulado y obsoleto\u00bb,   considera que desde el punto de vista econ\u00f3mico el gobierno debiera pensar m\u00e1s en lo que se ahorrar\u00eda el pa\u00eds implementando el modelo de Atenci\u00f3n Primaria que lo tendr\u00e1 que invertir en su puesta en marcha.  <\/p>\n<\/p>\n<p>En este sentido, el estimado de costo ofrecido por el Ministro S\u00e1nchez C\u00e1rdenas en la antes mencionada comparecencia en el \u00abDi\u00e1logo Libre\u00bb para ejecutar el propuesto plan piloto ser\u00eda de unos 600 millones de pesos mensuales.  No obstante resultar una cifra elevada,  mucho mayor se considera que resultar\u00eda el ahorro al reducir de manera significativa la nutrida asistencia de pacientes  que al presente invaden los salones de consulta de los hospitales p\u00fablicos y de los especialistas, de dolencias leves que no lo ameritan y pudieran en su gran mayor\u00eda atendidas en los centros primarios de salud. <\/p>\n<\/p>\n<p>Como valor agregado se sumar\u00eda la disminuci\u00f3n del gasto derivado del modelo de aplicaci\u00f3n preventiva que contribuir\u00eda a mejorar los niveles de salud de la poblaci\u00f3n, y por consiguiente ocasionar\u00eda mucho menores costos de consultas, internamientos y procedimientos que en tal caso resultar\u00edan innecesarios o mucho menos frecuentes.<\/p>\n<\/p>\n<p>Por su parte, el cardi\u00f3logo Fulgencio Severino, quien ha sido un cercano y continuo seguidor del tema advierte que podr\u00eda ser otra oportunidad de negocios de tantos que se est\u00e1n efectuando en medio del presente momento electoral.  A su juicio, habr\u00eda que definir de qu\u00e9 plan piloto es la propuesta, cu\u00e1l es el per c\u00e1pita y  cuales los l\u00edmites territoriales en los cuales se aplicar\u00eda.<\/p>\n<\/p>\n<p>A dieciocho a\u00f1os de haberse promulgado la ley de Seguridad Social, si bien debido precisamente a la confluencia de intereses diversos que concurren en el \u00e1rea de salud, los conflictos a que dieron lugar y la dificultad en armonizarlos, esta no entr\u00f3 en vigencia hasta cuatro a\u00f1os m\u00e1s tarde, los centros de atenci\u00f3n primaria que figuran en la misma como una pieza clave del sistema a\u00fan constituyen un modelo de salud preventiva pendiente de implementaci\u00f3n, donde al parecer encuentra el obst\u00e1culo hasta ahora insalvable de fuertes y poderosos intereses. <\/p>\n<\/p>\n<\/p>\n<h6> 2019-12-18 08:42:35 <\/h6>\n<p><!--\n<link rel=\"stylesheet\" href=\"css\/bootstrap.min.css\">\n\n\n<ul class=\"pagination\">\n\t    \n\t\n\n<li >\n\t<a href='?page_no=392'>Previous<\/a>\n\t<\/li>\n\n\n       \n    \n\n<li><a href='?page_no=1'>1<\/a><\/li>\n\n\n\n<li><a href='?page_no=2'>2<\/a><\/li>\n\n\n\n<li><a>...<\/a><\/li>\n\n\n\n<li><a href='?page_no=391'>391<\/a><\/li>\n\n\n\n<li><a href='?page_no=392'>392<\/a><\/li>\n\n\n\n<li class='active'><a>393<\/a><\/li>\n\n\n\n<li><a href='?page_no=394'>394<\/a><\/li>\n\n\n\n<li><a href='?page_no=395'>395<\/a><\/li>\n\n\n\n<li><a>...<\/a><\/li>\n\n\n\n<li><a href='?page_no=13611'>13611<\/a><\/li>\n\n\n\n<li><a href='?page_no=13612'>13612<\/a><\/li>\n\n    \n\t\n\n<li >\n\t<a href='?page_no=394'>Next<\/a>\n\t<\/li>\n\n\n    \n\n<li><a href='?page_no=13612'>Last &rsaquo;&rsaquo;<\/a><\/li>\n\n<\/ul>\n\n\n--><br \/>\n<\/body><\/p>\n","protected":false},"excerpt":{"rendered":"<p>EN PRIMERA FILA LA ATENCION PRIMARIA Mario Rivadulla Durante su comparecencia en el \u00abDi\u00e1logo Libre\u00bb que todos los lunes publica el matutino Diario Libre, su invitado en la ocasi\u00f3n, el ministro de Salud P\u00fablica, Rafael S\u00e1nchez C\u00e1rdenas, anunci\u00f3 el prop\u00f3sito de poner en pr\u00e1ctica un plan piloto de atenci\u00f3n primaria, que en primera fase abarcar\u00eda [&hellip;]<\/p>\n","protected":false},"author":3,"featured_media":0,"comment_status":"open","ping_status":"open","sticky":false,"template":"","format":"standard","meta":{"footnotes":""},"categories":[16],"tags":[],"class_list":["post-40748","post","type-post","status-publish","format-standard","hentry","category-opiniones"],"_links":{"self":[{"href":"https:\/\/diariodominicano.com\/index.php?rest_route=\/wp\/v2\/posts\/40748","targetHints":{"allow":["GET"]}}],"collection":[{"href":"https:\/\/diariodominicano.com\/index.php?rest_route=\/wp\/v2\/posts"}],"about":[{"href":"https:\/\/diariodominicano.com\/index.php?rest_route=\/wp\/v2\/types\/post"}],"author":[{"embeddable":true,"href":"https:\/\/diariodominicano.com\/index.php?rest_route=\/wp\/v2\/users\/3"}],"replies":[{"embeddable":true,"href":"https:\/\/diariodominicano.com\/index.php?rest_route=%2Fwp%2Fv2%2Fcomments&post=40748"}],"version-history":[{"count":0,"href":"https:\/\/diariodominicano.com\/index.php?rest_route=\/wp\/v2\/posts\/40748\/revisions"}],"wp:attachment":[{"href":"https:\/\/diariodominicano.com\/index.php?rest_route=%2Fwp%2Fv2%2Fmedia&parent=40748"}],"wp:term":[{"taxonomy":"category","embeddable":true,"href":"https:\/\/diariodominicano.com\/index.php?rest_route=%2Fwp%2Fv2%2Fcategories&post=40748"},{"taxonomy":"post_tag","embeddable":true,"href":"https:\/\/diariodominicano.com\/index.php?rest_route=%2Fwp%2Fv2%2Ftags&post=40748"}],"curies":[{"name":"wp","href":"https:\/\/api.w.org\/{rel}","templated":true}]}}