{"id":407457,"date":"2023-01-04T21:58:37","date_gmt":"2023-01-05T01:58:37","guid":{"rendered":"http:\/\/diariodominicano.com\/?p=407457"},"modified":"2023-01-04T21:58:37","modified_gmt":"2023-01-05T01:58:37","slug":"trasladan-fiscal-de-tamboril-dejando-sin-aclarar-muerte-hijo-de-periodista-cespedes-pena","status":"publish","type":"post","link":"https:\/\/diariodominicano.com\/?p=407457","title":{"rendered":"Trasladan fiscal de Tamboril dejando sin aclarar muerte hijo de periodista C\u00e9spedes Pe\u00f1a"},"content":{"rendered":"\n<p><\/p>\n\n\n\n<p>SANTIAGO.- El fiscal de Tamboril, Ram\u00f3n Ure\u00f1a, fue trasladado a la jurisdicci\u00f3n de fiscales policiales de esta ciudad, dejando sin aclarar, junto a la Polic\u00eda Nacional, la muerte de Luis Norberto C\u00e9spedes Vega, hijo del periodista Luis C\u00e9spedes Pe\u00f1a.<\/p>\n\n\n\n<p>Ure\u00f1a fue sustituido por el magistrado Manuel G\u00fcichardo.&nbsp;&nbsp;C\u00e9spedes Vega falleci\u00f3 en un supuesto accidente de tr\u00e1nsito en Tamboril, ocurrido el 2 de Noviembre del 2022, en el mismo taller donde reparaba una motocicleta, ubicado en la llamada Zona Rebelde, de ese municipio.&nbsp;<\/p>\n\n\n\n<p>El conductor que provoc\u00f3 la muerte de C\u00e9spedes Vega, manejaba un cami\u00f3n.&nbsp;&nbsp;Huy\u00f3 y sigue pr\u00f3fugo, por lo que su caso es criminal.&nbsp;&nbsp;<\/p>\n\n\n\n<p>Las investigaciones estaban a cargo del fiscal Ure\u00f1a y el comandante de la Polic\u00eda Nacional de Tamboril, teniente coronel Collado Guerrero.&nbsp;&nbsp;Ure\u00f1a se hab\u00eda quejado de que no recib\u00eda el apoyo de la Polic\u00eda para hacer investigaciones.<\/p>\n\n\n\n<p>&nbsp;Hasta el momento, ni la Justicia ni la Polic\u00eda no&nbsp;&nbsp;hicieron&nbsp;&nbsp;ninguna investigaci\u00f3n. Tanto la Justicia como la Polic\u00eda, tiene varios nombres por donde comenzar las investigaciones, pero extra\u00f1amente nadie lo hace,<\/p>\n\n\n\n<p>Lo que se cuestiona es que donde quiera que se est\u00e1n originando accidentes de tr\u00e1nsito u otros hechos, la Polic\u00eda los est\u00e1 aclarando, excepto en Tamboril.<\/p>\n\n\n\n<p>El periodista C\u00e9spedes Pe\u00f1a dijo que no tiene ninguna informaci\u00f3n de lo que estar\u00eda haciendo la Polic\u00eda, que es a la que le corresponde desarrollar esas investigaciones.<\/p>\n\n\n\n<p>Declar\u00f3 que, hasta el momento, no sabe si las autoridades registraron las cinco c\u00e1maras que hay en el lugar donde se produjo la muerte de C\u00e9spedes Vega, incluyendo una del gobierno.<\/p>\n\n\n\n<p>Luis C\u00e9spedes Pe\u00f1a<a target=\"_blank\" href=\"mailto:luiscespedesp49@gmail.com\" rel=\"noreferrer noopener\">luiscespedesp49@gmail.com<\/a><\/p>\n","protected":false},"excerpt":{"rendered":"<p>SANTIAGO.- El fiscal de Tamboril, Ram\u00f3n Ure\u00f1a, fue trasladado a la jurisdicci\u00f3n de fiscales policiales de esta ciudad, dejando sin aclarar, junto a la Polic\u00eda Nacional, la muerte de Luis Norberto C\u00e9spedes Vega, hijo del periodista Luis C\u00e9spedes Pe\u00f1a. Ure\u00f1a fue sustituido por el magistrado Manuel G\u00fcichardo.&nbsp;&nbsp;C\u00e9spedes Vega falleci\u00f3 en un supuesto accidente de tr\u00e1nsito [&hellip;]<\/p>\n","protected":false},"author":28,"featured_media":407458,"comment_status":"closed","ping_status":"","sticky":true,"template":"","format":"standard","meta":{"footnotes":""},"categories":[24,29,27],"tags":[],"class_list":["post-407457","post","type-post","status-publish","format-standard","has-post-thumbnail","hentry","category-justicia-y-derecho","category-policiasucesos","category-portada"],"_links":{"self":[{"href":"https:\/\/diariodominicano.com\/index.php?rest_route=\/wp\/v2\/posts\/407457","targetHints":{"allow":["GET"]}}],"collection":[{"href":"https:\/\/diariodominicano.com\/index.php?rest_route=\/wp\/v2\/posts"}],"about":[{"href":"https:\/\/diariodominicano.com\/index.php?rest_route=\/wp\/v2\/types\/post"}],"author":[{"embeddable":true,"href":"https:\/\/diariodominicano.com\/index.php?rest_route=\/wp\/v2\/users\/28"}],"replies":[{"embeddable":true,"href":"https:\/\/diariodominicano.com\/index.php?rest_route=%2Fwp%2Fv2%2Fcomments&post=407457"}],"version-history":[{"count":1,"href":"https:\/\/diariodominicano.com\/index.php?rest_route=\/wp\/v2\/posts\/407457\/revisions"}],"predecessor-version":[{"id":407459,"href":"https:\/\/diariodominicano.com\/index.php?rest_route=\/wp\/v2\/posts\/407457\/revisions\/407459"}],"wp:featuredmedia":[{"embeddable":true,"href":"https:\/\/diariodominicano.com\/index.php?rest_route=\/wp\/v2\/media\/407458"}],"wp:attachment":[{"href":"https:\/\/diariodominicano.com\/index.php?rest_route=%2Fwp%2Fv2%2Fmedia&parent=407457"}],"wp:term":[{"taxonomy":"category","embeddable":true,"href":"https:\/\/diariodominicano.com\/index.php?rest_route=%2Fwp%2Fv2%2Fcategories&post=407457"},{"taxonomy":"post_tag","embeddable":true,"href":"https:\/\/diariodominicano.com\/index.php?rest_route=%2Fwp%2Fv2%2Ftags&post=407457"}],"curies":[{"name":"wp","href":"https:\/\/api.w.org\/{rel}","templated":true}]}}