{"id":407339,"date":"2023-01-04T11:32:21","date_gmt":"2023-01-04T15:32:21","guid":{"rendered":"http:\/\/diariodominicano.com\/?p=407339"},"modified":"2023-01-04T11:32:21","modified_gmt":"2023-01-04T15:32:21","slug":"arrestan-a-siete-con-242-paquetes-de-cocaina-en-boca-chica","status":"publish","type":"post","link":"https:\/\/diariodominicano.com\/?p=407339","title":{"rendered":"Arrestan a siete con 242 paquetes de coca\u00edna en Boca Chica"},"content":{"rendered":"\n<p><\/p>\n\n\n\n<figure class=\"wp-block-image size-large\"><img loading=\"lazy\" decoding=\"async\" width=\"1024\" height=\"576\" src=\"https:\/\/diariodominicano.com\/wp-content\/uploads\/2023\/01\/foto-DNCD-5-1024x576.jpg\" alt=\"\" class=\"wp-image-407341\" srcset=\"https:\/\/diariodominicano.com\/wp-content\/uploads\/2023\/01\/foto-DNCD-5-1024x576.jpg 1024w, https:\/\/diariodominicano.com\/wp-content\/uploads\/2023\/01\/foto-DNCD-5-300x169.jpg 300w, https:\/\/diariodominicano.com\/wp-content\/uploads\/2023\/01\/foto-DNCD-5-768x432.jpg 768w, https:\/\/diariodominicano.com\/wp-content\/uploads\/2023\/01\/foto-DNCD-5-816x459.jpg 816w, https:\/\/diariodominicano.com\/wp-content\/uploads\/2023\/01\/foto-DNCD-5.jpg 1280w\" sizes=\"auto, (max-width: 1024px) 100vw, 1024px\" \/><\/figure>\n\n\n\n<figure class=\"wp-block-image size-large\"><img loading=\"lazy\" decoding=\"async\" width=\"1024\" height=\"768\" src=\"https:\/\/diariodominicano.com\/wp-content\/uploads\/2023\/01\/foto-DNCD-3-1024x768.jpg\" alt=\"\" class=\"wp-image-407343\" srcset=\"https:\/\/diariodominicano.com\/wp-content\/uploads\/2023\/01\/foto-DNCD-3-1024x768.jpg 1024w, https:\/\/diariodominicano.com\/wp-content\/uploads\/2023\/01\/foto-DNCD-3-300x225.jpg 300w, https:\/\/diariodominicano.com\/wp-content\/uploads\/2023\/01\/foto-DNCD-3-768x576.jpg 768w, https:\/\/diariodominicano.com\/wp-content\/uploads\/2023\/01\/foto-DNCD-3-1536x1152.jpg 1536w, https:\/\/diariodominicano.com\/wp-content\/uploads\/2023\/01\/foto-DNCD-3-816x612.jpg 816w, https:\/\/diariodominicano.com\/wp-content\/uploads\/2023\/01\/foto-DNCD-3.jpg 1600w\" sizes=\"auto, (max-width: 1024px) 100vw, 1024px\" \/><\/figure>\n\n\n\n<p><strong>Santo Domingo<\/strong>, RD. &#8211; En el marco de la implementaci\u00f3n de las nuevas estrategias y del reforzamiento de las operaciones en contra del narcotr\u00e1fico, la Direcci\u00f3n Nacional de Control de Drogas (DNCD), la Armada de Rep\u00fablica Dominicana y la Fuerza A\u00e9rea, coordinados por miembros del Ministerio P\u00fablico, confiscaron 242 paquetes presumiblemente coca\u00edna, frente a las costas del municipio de Boca Chica, provincia Santo Domingo, inform\u00f3 la DNCD.<\/p>\n\n\n\n<p>En una operaci\u00f3n conjunta, que dur\u00f3 varias horas, unidades mar\u00edtimas, a\u00e9reas y terrestres, tras recibir informes de inteligencia, dieron persecuci\u00f3n a los ocupantes de una lancha r\u00e1pida, quienes ten\u00edan la intenci\u00f3n de introducir a territorio dominicano, una importante cantidad de sustancias controladas.<\/p>\n\n\n\n<p>Tras el intenso seguimiento, las autoridades lograron interceptar la embarcaci\u00f3n de unos 23 pies de eslora, a pocas millas de las costas de Boca Chica, donde ocuparon en su interior nueve pacas, conteniendo los 242 paquetes de la sustancia.<\/p>\n\n\n\n<figure class=\"wp-block-image size-large\"><img loading=\"lazy\" decoding=\"async\" width=\"1024\" height=\"576\" src=\"https:\/\/diariodominicano.com\/wp-content\/uploads\/2023\/01\/foto-DNCD-1-1024x576.jpg\" alt=\"\" class=\"wp-image-407342\" srcset=\"https:\/\/diariodominicano.com\/wp-content\/uploads\/2023\/01\/foto-DNCD-1-1024x576.jpg 1024w, https:\/\/diariodominicano.com\/wp-content\/uploads\/2023\/01\/foto-DNCD-1-300x169.jpg 300w, https:\/\/diariodominicano.com\/wp-content\/uploads\/2023\/01\/foto-DNCD-1-768x432.jpg 768w, https:\/\/diariodominicano.com\/wp-content\/uploads\/2023\/01\/foto-DNCD-1-816x459.jpg 816w, https:\/\/diariodominicano.com\/wp-content\/uploads\/2023\/01\/foto-DNCD-1.jpg 1148w\" sizes=\"auto, (max-width: 1024px) 100vw, 1024px\" \/><\/figure>\n\n\n\n<figure class=\"wp-block-image size-large\"><img loading=\"lazy\" decoding=\"async\" width=\"576\" height=\"1024\" src=\"https:\/\/diariodominicano.com\/wp-content\/uploads\/2023\/01\/foto-DNCD-4-576x1024.jpg\" alt=\"\" class=\"wp-image-407344\" srcset=\"https:\/\/diariodominicano.com\/wp-content\/uploads\/2023\/01\/foto-DNCD-4-576x1024.jpg 576w, https:\/\/diariodominicano.com\/wp-content\/uploads\/2023\/01\/foto-DNCD-4-169x300.jpg 169w, https:\/\/diariodominicano.com\/wp-content\/uploads\/2023\/01\/foto-DNCD-4.jpg 720w\" sizes=\"auto, (max-width: 576px) 100vw, 576px\" \/><\/figure>\n\n\n\n<p>En el operativo, se apresaron a seis dominicanos y un venezolano, quienes ser\u00e1n sometidos a la justicia en las pr\u00f3ximas horas, por violaci\u00f3n a la ley 50-88, sobre drogas y sustancias controladas.<\/p>\n\n\n\n<p>Las unidades t\u00e1cticas y de reacci\u00f3n, incautaron, adem\u00e1s, un motor fuera de borda de 60 Hp, tres GPS, una br\u00fajula, tres tel\u00e9fonos satelitales, cuatro chalecos salvavidas, tres garrafones de combustibles, un botiqu\u00edn, mochilas con prendas de vestir, entre otras evidencias.<\/p>\n\n\n\n<p>El Ministerio P\u00fablico y la DNCD profundizan las investigaciones en torno al caso, mientras se activa la localizaci\u00f3n de otros integrantes de esta red de narcotr\u00e1fico internacional.<\/p>\n\n\n\n<p>\u00abDebemos destacar el decidido apoyo del Ministerio de Defensa (Armada, Fuerza A\u00e9rea, Ej\u00e9rcito) la Procuradur\u00eda, la Polic\u00eda y otros organismos oficiales, cooperaci\u00f3n que sigue siendo determinante para asestar golpes importantes a redes de narcotr\u00e1fico nacional e internacional\u00bb<\/p>\n\n\n\n<p>Los 242 paquetes ocupados en esta nueva operaci\u00f3n fueron enviados bajo cadena de custodia al Instituto Nacional de Ciencias Forenses (INACIF) que determinar\u00e1 tipo y peso exacto de la sustancia.<\/p>\n\n\n\n<p><strong>Direcci\u00f3n de Comunicaciones, DNCD. &#8211;<\/strong><\/p>\n\n\n\n<p><strong>Mi\u00e9rcoles 04 de enero, 2023.-<\/strong><\/p>\n","protected":false},"excerpt":{"rendered":"<p>Santo Domingo, RD. &#8211; En el marco de la implementaci\u00f3n de las nuevas estrategias y del reforzamiento de las operaciones en contra del narcotr\u00e1fico, la Direcci\u00f3n Nacional de Control de Drogas (DNCD), la Armada de Rep\u00fablica Dominicana y la Fuerza A\u00e9rea, coordinados por miembros del Ministerio P\u00fablico, confiscaron 242 paquetes presumiblemente coca\u00edna, frente a las [&hellip;]<\/p>\n","protected":false},"author":28,"featured_media":407340,"comment_status":"closed","ping_status":"","sticky":true,"template":"","format":"standard","meta":{"footnotes":""},"categories":[24,29,27],"tags":[],"class_list":["post-407339","post","type-post","status-publish","format-standard","has-post-thumbnail","hentry","category-justicia-y-derecho","category-policiasucesos","category-portada"],"_links":{"self":[{"href":"https:\/\/diariodominicano.com\/index.php?rest_route=\/wp\/v2\/posts\/407339","targetHints":{"allow":["GET"]}}],"collection":[{"href":"https:\/\/diariodominicano.com\/index.php?rest_route=\/wp\/v2\/posts"}],"about":[{"href":"https:\/\/diariodominicano.com\/index.php?rest_route=\/wp\/v2\/types\/post"}],"author":[{"embeddable":true,"href":"https:\/\/diariodominicano.com\/index.php?rest_route=\/wp\/v2\/users\/28"}],"replies":[{"embeddable":true,"href":"https:\/\/diariodominicano.com\/index.php?rest_route=%2Fwp%2Fv2%2Fcomments&post=407339"}],"version-history":[{"count":1,"href":"https:\/\/diariodominicano.com\/index.php?rest_route=\/wp\/v2\/posts\/407339\/revisions"}],"predecessor-version":[{"id":407345,"href":"https:\/\/diariodominicano.com\/index.php?rest_route=\/wp\/v2\/posts\/407339\/revisions\/407345"}],"wp:featuredmedia":[{"embeddable":true,"href":"https:\/\/diariodominicano.com\/index.php?rest_route=\/wp\/v2\/media\/407340"}],"wp:attachment":[{"href":"https:\/\/diariodominicano.com\/index.php?rest_route=%2Fwp%2Fv2%2Fmedia&parent=407339"}],"wp:term":[{"taxonomy":"category","embeddable":true,"href":"https:\/\/diariodominicano.com\/index.php?rest_route=%2Fwp%2Fv2%2Fcategories&post=407339"},{"taxonomy":"post_tag","embeddable":true,"href":"https:\/\/diariodominicano.com\/index.php?rest_route=%2Fwp%2Fv2%2Ftags&post=407339"}],"curies":[{"name":"wp","href":"https:\/\/api.w.org\/{rel}","templated":true}]}}