{"id":40726,"date":"2019-12-20T22:07:07","date_gmt":"2019-12-20T22:07:07","guid":{"rendered":"http:\/\/diariodominicano.ddns.net\/?p=40726"},"modified":"2019-12-20T22:07:07","modified_gmt":"2019-12-20T22:07:07","slug":"a-pleno-solproblemas-sociales-congelados","status":"publish","type":"post","link":"https:\/\/diariodominicano.com\/?p=40726","title":{"rendered":"A Pleno Sol&#13;&#13;Problemas sociales congelados"},"content":{"rendered":"<p><body><\/p>\n<p><strong>Por Manuel Hern\u00e1ndez Villeta<\/strong><\/p>\n<\/p>\n<\/p>\n<p>Los problemas sociales no se terminan en un a\u00f1o calendario. De ah\u00ed, que comenzamos el a\u00f1o a punto de finalizar 2019 con una encrucijada, que se mantendr\u00e1 en el 2020. La soluci\u00f3n de los males sociales se ha congelado. Las manos est\u00e1n atadas con grilletes para buscar soluciones.<\/p>\n<\/p>\n<p>Sigue pendiente la agenda de los problemas m\u00e1s acuciantes de los dominicanos. El alto costo de la vida, la inseguridad ciudadana, el desempleo, la falta de educaci\u00f3n, la crisis hospitalaria y la galopante prima del d\u00f3lar.<\/p>\n<\/p>\n<p>En el 2020 estos problemas  tendr\u00e1n que ser enfrentados por un nuevo gobierno a partir del mes de agosto. Sin embargo,  desde enero hasta ese momento la acci\u00f3n seguir\u00e1 sobre los hombros de Danilo Medina.<\/p>\n<\/p>\n<p>No importa qui\u00e9n gane las venideras elecciones presidenciales, llegar\u00e1 un nuevo gobierno. Talvez se siga eternizando en el poder el Partido  de la Liberaci\u00f3n Dominicana, o le llegar\u00e1 el momento a dos partidos nuevos, pero con ideas viejas.<\/p>\n<\/p>\n<p>El Partido Revolucionario Moderno naci\u00f3 de una fragmentaci\u00f3n del Partido Revolucionario Dominicano. Poco importan las siglas que ya perdieron las elecciones pasadas. Su pasado le condena. Sus dirigentes tienen la vieja metodolog\u00eda de trabajo perredeista.<\/p>\n<\/p>\n<p>La Fuerza del Pueblo es la tajada disidente del PLD. Su capa direccional viene del grupo morado o del viejo Partido de los Trabajadores Dominicanos, heredero de los viejos izquierdistas de la L\u00ednea Roja del Catorce de Junio. Entre los tres principales partidos no hay nada nuevo. Viejas ideas que tienen que ser remozadas.<\/p>\n<\/p>\n<p>El 20 ser\u00e1 un a\u00f1o de elecciones. Primero con un liderazgo local que a duras penas subsiste. En los pueblos ganan convenciones o son postulados, los que quieren la m\u00e1xima dirigencia. No hay una verdadera expresi\u00f3n de democracia.<\/p>\n<\/p>\n<p>Aunque no se quiera ver, las municipales ser\u00e1n un term\u00f3metro de popularidad. No quiere decir que el que las gane tiene las presidenciales en el bolsillo. No. Se trata de dos procesos distintos, pero si se pueden constituir en la mejor encuesta.<\/p>\n<\/p>\n<p>Para continuar en el Palacio Nacional, el PLD y su aspirante a gobernar deben dar soluciones inmediatas a controlar  el alto costo de la vida,  terminar con la inseguridad ciudadana, rebajar el desempleo, eliminar las fallas de la educaci\u00f3n, solucionar la crisis hospitalaria y parar la galopante prima del d\u00f3lar.<\/p>\n<\/p>\n<p>Sin tregua navide\u00f1a, ser\u00e1 la extensi\u00f3n de los males que ahora mismo golpean a los dominicanos, con la din\u00e1mica electoral  de por medio. Todav\u00eda es temprano para hacer pron\u00f3sticos sobre qui\u00e9n ganar\u00e1 de los tres principales candidatos. No hay un favorito a simple vista. Pero el tiempo demanda soluciones a los males, y el elector observa para rayar su boleta o darle un click. \u00a1Ay!, se me acab\u00f3 la tinta.<\/p>\n<\/p>\n<h6> 2019-12-20 22:07:07 <\/h6>\n<p><!--\n<link rel=\"stylesheet\" href=\"css\/bootstrap.min.css\">\n\n\n<ul class=\"pagination\">\n\t    \n\t\n\n<li >\n\t<a href='?page_no=390'>Previous<\/a>\n\t<\/li>\n\n\n       \n    \n\n<li><a href='?page_no=1'>1<\/a><\/li>\n\n\n\n<li><a href='?page_no=2'>2<\/a><\/li>\n\n\n\n<li><a>...<\/a><\/li>\n\n\n\n<li><a href='?page_no=389'>389<\/a><\/li>\n\n\n\n<li><a href='?page_no=390'>390<\/a><\/li>\n\n\n\n<li class='active'><a>391<\/a><\/li>\n\n\n\n<li><a href='?page_no=392'>392<\/a><\/li>\n\n\n\n<li><a href='?page_no=393'>393<\/a><\/li>\n\n\n\n<li><a>...<\/a><\/li>\n\n\n\n<li><a href='?page_no=13611'>13611<\/a><\/li>\n\n\n\n<li><a href='?page_no=13612'>13612<\/a><\/li>\n\n    \n\t\n\n<li >\n\t<a href='?page_no=392'>Next<\/a>\n\t<\/li>\n\n\n    \n\n<li><a href='?page_no=13612'>Last &rsaquo;&rsaquo;<\/a><\/li>\n\n<\/ul>\n\n\n--><br \/>\n<\/body><\/p>\n","protected":false},"excerpt":{"rendered":"<p>Por Manuel Hern\u00e1ndez Villeta Los problemas sociales no se terminan en un a\u00f1o calendario. De ah\u00ed, que comenzamos el a\u00f1o a punto de finalizar 2019 con una encrucijada, que se mantendr\u00e1 en el 2020. La soluci\u00f3n de los males sociales se ha congelado. Las manos est\u00e1n atadas con grilletes para buscar soluciones. Sigue pendiente la [&hellip;]<\/p>\n","protected":false},"author":3,"featured_media":0,"comment_status":"open","ping_status":"open","sticky":false,"template":"","format":"standard","meta":{"footnotes":""},"categories":[16],"tags":[],"class_list":["post-40726","post","type-post","status-publish","format-standard","hentry","category-opiniones"],"_links":{"self":[{"href":"https:\/\/diariodominicano.com\/index.php?rest_route=\/wp\/v2\/posts\/40726","targetHints":{"allow":["GET"]}}],"collection":[{"href":"https:\/\/diariodominicano.com\/index.php?rest_route=\/wp\/v2\/posts"}],"about":[{"href":"https:\/\/diariodominicano.com\/index.php?rest_route=\/wp\/v2\/types\/post"}],"author":[{"embeddable":true,"href":"https:\/\/diariodominicano.com\/index.php?rest_route=\/wp\/v2\/users\/3"}],"replies":[{"embeddable":true,"href":"https:\/\/diariodominicano.com\/index.php?rest_route=%2Fwp%2Fv2%2Fcomments&post=40726"}],"version-history":[{"count":0,"href":"https:\/\/diariodominicano.com\/index.php?rest_route=\/wp\/v2\/posts\/40726\/revisions"}],"wp:attachment":[{"href":"https:\/\/diariodominicano.com\/index.php?rest_route=%2Fwp%2Fv2%2Fmedia&parent=40726"}],"wp:term":[{"taxonomy":"category","embeddable":true,"href":"https:\/\/diariodominicano.com\/index.php?rest_route=%2Fwp%2Fv2%2Fcategories&post=40726"},{"taxonomy":"post_tag","embeddable":true,"href":"https:\/\/diariodominicano.com\/index.php?rest_route=%2Fwp%2Fv2%2Ftags&post=40726"}],"curies":[{"name":"wp","href":"https:\/\/api.w.org\/{rel}","templated":true}]}}