{"id":407213,"date":"2023-01-03T22:44:20","date_gmt":"2023-01-04T02:44:20","guid":{"rendered":"http:\/\/diariodominicano.com\/?p=407213"},"modified":"2023-01-03T22:45:27","modified_gmt":"2023-01-04T02:45:27","slug":"alcalde-de-boca-chica-denuncia-que-vandalos-se-dedican-a-danar-instalaciones-municipales-y-crear-vertederos-en-las-calles","status":"publish","type":"post","link":"https:\/\/diariodominicano.com\/?p=407213","title":{"rendered":"Alcalde de Boca Chica denuncia que v\u00e1ndalos se dedican a da\u00f1ar instalaciones municipales y crear vertederos en las calles"},"content":{"rendered":"\n<p>Boca Chica, 3 de enero.- El Alcalde Municipal de Boca Chica, ingeniero Ferm\u00edn Brito, denunci\u00f3  que desaprensivos se han dado a la tarea de vandalizar las obras del cabildo, da\u00f1ando los espacios que sirven de esparcimiento y entretenimiento de los mun\u00edcipes, entre ellos parques y juegos para ni\u00f1os, causando alarma entre los residentes de los lugares donde se cometen las fechor\u00edas<\/p>\n\n\n\n<p>El edil emiti\u00f3 sus declaraciones, al inicio de este a\u00f1o, cuando observ\u00f3 que las instalaciones construidas en el Malec\u00f3n de Andr\u00e9s, fueron destruidas a mandarriazos por personas desconocidas. Antes esos mismos v\u00e1ndalos destruyeron el \u00e1rbol de navidad a dos d\u00edas de ser inaugurado<\/p>\n\n\n\n<figure class=\"wp-block-image size-large\"><img loading=\"lazy\" decoding=\"async\" width=\"1024\" height=\"768\" src=\"https:\/\/diariodominicano.com\/wp-content\/uploads\/2023\/01\/DANOS-II-1024x768.jpg\" alt=\"\" class=\"wp-image-407216\" srcset=\"https:\/\/diariodominicano.com\/wp-content\/uploads\/2023\/01\/DANOS-II-1024x768.jpg 1024w, https:\/\/diariodominicano.com\/wp-content\/uploads\/2023\/01\/DANOS-II-300x225.jpg 300w, https:\/\/diariodominicano.com\/wp-content\/uploads\/2023\/01\/DANOS-II-768x576.jpg 768w, https:\/\/diariodominicano.com\/wp-content\/uploads\/2023\/01\/DANOS-II-1536x1152.jpg 1536w, https:\/\/diariodominicano.com\/wp-content\/uploads\/2023\/01\/DANOS-II-816x612.jpg 816w, https:\/\/diariodominicano.com\/wp-content\/uploads\/2023\/01\/DANOS-II.jpg 1600w\" sizes=\"auto, (max-width: 1024px) 100vw, 1024px\" \/><\/figure>\n\n\n\n<p>El alcalde advirti\u00f3 que se buscan los videos y se hacen investigaciones para dar con los responsables de romper parte de los tarros que fueron colocados para el embellecimiento de la jardinera de la referida v\u00eda.<\/p>\n\n\n\n<p>Explic\u00f3 que de igual forma amaneci\u00f3 el municipio repletos de vertederos improvisados, a pesar de que las brigadas del ayuntamiento permanecieron trabajando en la recogida de los desechos s\u00f3lidos en todas las calles y barrios.<\/p>\n\n\n\n<p>\u201cDe acuerdo a las investigaciones que tenemos, dos personas enferma por el consumo de sustancias controladas, dotadas de mandarrias&nbsp; fueron enviados a romper los tarros colocados en la jardinera del Malec\u00f3n de Andr\u00e9s, mientras que varios veh\u00edculos tipos camionetas se vieron descargando basura en las v\u00edas p\u00fablicas para crear los vertederos improvisados\u201d, as\u00ed lo afirm\u00f3 el alcalde de Boca Chica, Ferm\u00edn Brito.<\/p>\n\n\n\n<p>Brito asegur\u00f3 que quien sea identificado como actor intelectual y material de estos casos en contra del municipio de Boca Chica, ser\u00e1 sometido a la acci\u00f3n de la justicia, bajo la ley 176 que rige los ayuntamientos, advirtiendo que no aceptara contemplaci\u00f3n y no permitir\u00e1 la intervenci\u00f3n de padrinos.<\/p>\n\n\n\n<p>Adelanto que durante la fiesta de navidad y a\u00f1o nuevo se recogieron cerca de 30 &nbsp;toneladas de desechos s\u00f3lidos, que de acuerdo a los estudios realizados, el municipio de Boca Chica, no produce tanta basura en tan solo una semana, lo que significa que los vertederos fueron creados de maldad.<\/p>\n\n\n\n<p>Dijo que este 2 de enero amanecieron las principales calles y avenidas de Boca Chica con vertederos improvisados, donde han tirados hasta animales muertos en pleno atentado contra de la salud p\u00fablica y el estado medioambiental de los residentes en este municipio.<\/p>\n\n\n\n<p>Se quej\u00f3 el alcalde de Boca Chica, de que a pesar de ser ayudado a limpiar el municipio por una disposici\u00f3n del comandante general de la Armada Dominicana, quien envi\u00f3 varias brigadas para la recogida de los desechos s\u00f3lidos, los vertederos improvisados aumentaron por todo el pueblo, producto de los desaprensivos que por rebati\u00f1a pol\u00edtica hacen el da\u00f1o.<\/p>\n\n\n\n<p>Direccion de Prensa AMBC<a target=\"_blank\" href=\"mailto:prensaambc@gmail.com\" rel=\"noreferrer noopener\">prensaambc@gmail.com<\/a><\/p>\n\n\n\n<p><strong>Direcci\u00f3n de Prensa<\/strong><\/p>\n\n\n\n<p><strong>Ayuntamiento de Boca Chica<\/strong><\/p>\n","protected":false},"excerpt":{"rendered":"<p>Boca Chica, 3 de enero.- El Alcalde Municipal de Boca Chica, ingeniero Ferm\u00edn Brito, denunci\u00f3 que desaprensivos se han dado a la tarea de vandalizar las obras del cabildo, da\u00f1ando los espacios que sirven de esparcimiento y entretenimiento de los mun\u00edcipes, entre ellos parques y juegos para ni\u00f1os, causando alarma entre los residentes de los [&hellip;]<\/p>\n","protected":false},"author":28,"featured_media":407214,"comment_status":"closed","ping_status":"","sticky":true,"template":"","format":"standard","meta":{"footnotes":""},"categories":[20,29,27],"tags":[],"class_list":["post-407213","post","type-post","status-publish","format-standard","has-post-thumbnail","hentry","category-dominicana-hoy","category-policiasucesos","category-portada"],"_links":{"self":[{"href":"https:\/\/diariodominicano.com\/index.php?rest_route=\/wp\/v2\/posts\/407213","targetHints":{"allow":["GET"]}}],"collection":[{"href":"https:\/\/diariodominicano.com\/index.php?rest_route=\/wp\/v2\/posts"}],"about":[{"href":"https:\/\/diariodominicano.com\/index.php?rest_route=\/wp\/v2\/types\/post"}],"author":[{"embeddable":true,"href":"https:\/\/diariodominicano.com\/index.php?rest_route=\/wp\/v2\/users\/28"}],"replies":[{"embeddable":true,"href":"https:\/\/diariodominicano.com\/index.php?rest_route=%2Fwp%2Fv2%2Fcomments&post=407213"}],"version-history":[{"count":3,"href":"https:\/\/diariodominicano.com\/index.php?rest_route=\/wp\/v2\/posts\/407213\/revisions"}],"predecessor-version":[{"id":407218,"href":"https:\/\/diariodominicano.com\/index.php?rest_route=\/wp\/v2\/posts\/407213\/revisions\/407218"}],"wp:featuredmedia":[{"embeddable":true,"href":"https:\/\/diariodominicano.com\/index.php?rest_route=\/wp\/v2\/media\/407214"}],"wp:attachment":[{"href":"https:\/\/diariodominicano.com\/index.php?rest_route=%2Fwp%2Fv2%2Fmedia&parent=407213"}],"wp:term":[{"taxonomy":"category","embeddable":true,"href":"https:\/\/diariodominicano.com\/index.php?rest_route=%2Fwp%2Fv2%2Fcategories&post=407213"},{"taxonomy":"post_tag","embeddable":true,"href":"https:\/\/diariodominicano.com\/index.php?rest_route=%2Fwp%2Fv2%2Ftags&post=407213"}],"curies":[{"name":"wp","href":"https:\/\/api.w.org\/{rel}","templated":true}]}}