{"id":40681,"date":"2019-12-24T13:42:19","date_gmt":"2019-12-24T13:42:19","guid":{"rendered":"http:\/\/diariodominicano.ddns.net\/?p=40681"},"modified":"2019-12-24T13:42:19","modified_gmt":"2019-12-24T13:42:19","slug":"reflexion-de-cierre-de-ano","status":"publish","type":"post","link":"https:\/\/diariodominicano.com\/?p=40681","title":{"rendered":"Reflexi\u00f3n de cierre de a\u00f1o"},"content":{"rendered":"<p><body><\/p>\n<p>A Pleno Sol<\/p>\n<\/p>\n<p>Reflexi\u00f3n de cierre de a\u00f1o<\/p>\n<\/p>\n<p>Por Manuel Hern\u00e1ndez Villeta<\/p>\n<\/p>\n<\/p>\n<p>La indiferencia es ser parte de los problemas. El volver  la cara, es el principio de todos los males. El que se tapa los ojos ante las injusticias sociales, es tan culpable, como el que da el golpe. La mayor\u00eda silente logra su tranquilidad, en medio del dolor colectivo.<\/p>\n<\/p>\n<p>La temporada final del a\u00f1o es buena para la reflexi\u00f3n. El momento en que cada cual debe consultar a su conciencia. Los cambios primero se toman en forma individual, y luego llega lo colectivo. Nadie puede tener fervor de lucha por los otros, si primero no se hace la revisi\u00f3n.<\/p>\n<\/p>\n<p>Es la etapa de la auto-critica. La m\u00e1s dif\u00edcil de todas. Nadie quiere decirse a si  mismo que se ata las manos y se obnubila el pensamiento, para no tener problemas. Usted se refugia en su coraza, mientras que el mal entra y lo destruye todo.<\/p>\n<\/p>\n<p>En este silgo 21 se est\u00e1 viviendo la etapa del individualismo. Los problemas sociales no pueden avanzar, cuando nadie piensa en soluciones colectivas. Las desigualdades son de todos, aunque usted piense que est\u00e1 por encima del bien y del mal.<\/p>\n<\/p>\n<p>Despu\u00e9s de la muerte de Trujillo el pa\u00eds sali\u00f3 gritando libertad, navidad con libertad, pero fue un gesto alegre de las masas que nunca se convirti\u00f3 en realidad. Poco despu\u00e9s llegaba el golpe de Estado a Juan Bosch, y al doblar de la esquina la revoluci\u00f3n de abril del 1965 y la intervenci\u00f3n militar norteamericana.<\/p>\n<\/p>\n<p>Hoy son tiempos distintos. El pa\u00eds ha cambiado. Su gente tiene nueva visi\u00f3n del mundo. Sin embargo, la mala distribuci\u00f3n de las riquezas y las desigualdades se mantienen. Las ideolog\u00edas no pudieron hacer cambios, y los hombres del sistema reformas, pero todo sigue igual.<\/p>\n<\/p>\n<p>Con el nuevo a\u00f1o, se necesita un nuevo hombre, una nueva mujer. Ello no va llegar. Solo cae un d\u00eda del almanaque y entra otro. Despu\u00e9s de los fuegos artificiales, cada cual a su pena. Fiestas navide\u00f1as de dolores y de tristeza.<\/p>\n<\/p>\n<p>Los dos se combinan. Alegr\u00eda que trae la tradici\u00f3n, y dolores por una existencia menguada. Sin ni siquiera con la capacidad de producir la cena de una noche, y los fuegos artificiales de una madrugada. Atrapados en la exclusi\u00f3n social, la mayor\u00eda languidece.<\/p>\n<\/p>\n<p>Pero hay que luchar por cambios sociales, econ\u00f3micos y pol\u00edticos. Las coyunturas dictar\u00e1n los caminos. El hombre es producto de sus circunstancias. Estamos a la vuelta de un torneo electoral, donde se vota por los candidatos que m\u00e1s prometen, y los que m\u00e1s dan.<\/p>\n<\/p>\n<p>Habr\u00e1 el 16 de agosto cambio de hombres y mujeres, pero no de sistema, ni de rompimiento con esquemas que acogotan a los dominicanos. Pero debe ser el momento en que cada cual consultando a su conciencia, vote por el que piense  fortalecer\u00e1 la democracia, las instituciones y abrir\u00e1 las puertas al futuro dominicano. \u00a1Ay!, se me acab\u00f3 la tinta..<\/p>\n<\/p>\n<\/p>\n<\/p>\n<\/p>\n<h6> 2019-12-24 13:42:19 <\/h6>\n<p><!--\n<link rel=\"stylesheet\" href=\"css\/bootstrap.min.css\">\n\n\n<ul class=\"pagination\">\n\t    \n\t\n\n<li >\n\t<a href='?page_no=386'>Previous<\/a>\n\t<\/li>\n\n\n       \n    \n\n<li><a href='?page_no=1'>1<\/a><\/li>\n\n\n\n<li><a href='?page_no=2'>2<\/a><\/li>\n\n\n\n<li><a>...<\/a><\/li>\n\n\n\n<li><a href='?page_no=385'>385<\/a><\/li>\n\n\n\n<li><a href='?page_no=386'>386<\/a><\/li>\n\n\n\n<li class='active'><a>387<\/a><\/li>\n\n\n\n<li><a href='?page_no=388'>388<\/a><\/li>\n\n\n\n<li><a href='?page_no=389'>389<\/a><\/li>\n\n\n\n<li><a>...<\/a><\/li>\n\n\n\n<li><a href='?page_no=13611'>13611<\/a><\/li>\n\n\n\n<li><a href='?page_no=13612'>13612<\/a><\/li>\n\n    \n\t\n\n<li >\n\t<a href='?page_no=388'>Next<\/a>\n\t<\/li>\n\n\n    \n\n<li><a href='?page_no=13612'>Last &rsaquo;&rsaquo;<\/a><\/li>\n\n<\/ul>\n\n\n--><br \/>\n<\/body><\/p>\n","protected":false},"excerpt":{"rendered":"<p>A Pleno Sol Reflexi\u00f3n de cierre de a\u00f1o Por Manuel Hern\u00e1ndez Villeta La indiferencia es ser parte de los problemas. El volver la cara, es el principio de todos los males. El que se tapa los ojos ante las injusticias sociales, es tan culpable, como el que da el golpe. La mayor\u00eda silente logra su [&hellip;]<\/p>\n","protected":false},"author":3,"featured_media":0,"comment_status":"open","ping_status":"open","sticky":false,"template":"","format":"standard","meta":{"footnotes":""},"categories":[16],"tags":[],"class_list":["post-40681","post","type-post","status-publish","format-standard","hentry","category-opiniones"],"_links":{"self":[{"href":"https:\/\/diariodominicano.com\/index.php?rest_route=\/wp\/v2\/posts\/40681","targetHints":{"allow":["GET"]}}],"collection":[{"href":"https:\/\/diariodominicano.com\/index.php?rest_route=\/wp\/v2\/posts"}],"about":[{"href":"https:\/\/diariodominicano.com\/index.php?rest_route=\/wp\/v2\/types\/post"}],"author":[{"embeddable":true,"href":"https:\/\/diariodominicano.com\/index.php?rest_route=\/wp\/v2\/users\/3"}],"replies":[{"embeddable":true,"href":"https:\/\/diariodominicano.com\/index.php?rest_route=%2Fwp%2Fv2%2Fcomments&post=40681"}],"version-history":[{"count":0,"href":"https:\/\/diariodominicano.com\/index.php?rest_route=\/wp\/v2\/posts\/40681\/revisions"}],"wp:attachment":[{"href":"https:\/\/diariodominicano.com\/index.php?rest_route=%2Fwp%2Fv2%2Fmedia&parent=40681"}],"wp:term":[{"taxonomy":"category","embeddable":true,"href":"https:\/\/diariodominicano.com\/index.php?rest_route=%2Fwp%2Fv2%2Fcategories&post=40681"},{"taxonomy":"post_tag","embeddable":true,"href":"https:\/\/diariodominicano.com\/index.php?rest_route=%2Fwp%2Fv2%2Ftags&post=40681"}],"curies":[{"name":"wp","href":"https:\/\/api.w.org\/{rel}","templated":true}]}}