{"id":406748,"date":"2023-01-01T00:27:10","date_gmt":"2023-01-01T04:27:10","guid":{"rendered":"http:\/\/diariodominicano.com\/?p=406748"},"modified":"2023-01-01T00:27:10","modified_gmt":"2023-01-01T04:27:10","slug":"benedicto-xvi-deja-un-legado-de-invaluable-valor-intelectual-al-catolicismo","status":"publish","type":"post","link":"https:\/\/diariodominicano.com\/?p=406748","title":{"rendered":"Benedicto XVI deja un legado de invaluable valor intelectual al catolicismo"},"content":{"rendered":"\n<p>diciembre 31, 2022<\/p>\n\n\n\n<ul class=\"wp-block-list\"><li><a href=\"https:\/\/www.vozdeamerica.com\/author\/carolina-valladares\/-tmym\">Carolina Valladares<\/a><\/li><\/ul>\n\n\n\n<figure class=\"wp-block-image\"><img decoding=\"async\" src=\"https:\/\/gdb.voanews.com\/19B2BBE6-E086-4616-8506-F58495FFC3CA_w650_r1_s.jpg\" alt=\"El papa em\u00e9rito Benedicto XVI saluda cuando llega para dirigir la audiencia general del mi\u00e9rcoles en la plaza de San Pedro, en el Vaticano el 24 de octubre de 2012.\"\/><figcaption>El papa em\u00e9rito Benedicto XVI saluda cuando llega para dirigir la audiencia general del mi\u00e9rcoles en la plaza de San Pedro, en el Vaticano el 24 de octubre de 2012.<\/figcaption><\/figure>\n\n\n\n<ul class=\"wp-block-list\"><li><a href=\"https:\/\/facebook.com\/sharer.php?u=https%3a%2f%2fwww.vozdeamerica.com%2fa%2fpapa-emerito-benedicto-xvi-legado-invaluable-valor-intelectual-catolicismo%2f6895246.html\" target=\"_blank\" rel=\"noreferrer noopener\"><\/a><\/li><li><a href=\"https:\/\/twitter.com\/share?url=https%3a%2f%2fwww.vozdeamerica.com%2fa%2fpapa-emerito-benedicto-xvi-legado-invaluable-valor-intelectual-catolicismo%2f6895246.html&amp;text=Benedicto+XVI+deja+un+legado+de+invaluable+valor+intelectual+al+catolicismo\" target=\"_blank\" rel=\"noreferrer noopener\"><\/a><\/li><li><\/li><li><a href=\"mailto:?body=https%3a%2f%2fwww.vozdeamerica.com%2fa%2fpapa-emerito-benedicto-xvi-legado-invaluable-valor-intelectual-catolicismo%2f6895246.html&amp;subject=Benedicto%20XVI%20deja%20un%20legado%20de%20invaluable%20valor%20intelectual%20al%20catolicismo\"><\/a><\/li><\/ul>\n\n\n\n<p><a href=\"https:\/\/www.vozdeamerica.com\/a\/papa-emerito-benedicto-xvi-legado-invaluable-valor-intelectual-catolicismo\/6895246.html#comments\">Vea comentarios<\/a><\/p>\n\n\n\n<p>Admirado por unos y criticado por otros, el pont\u00edfice Benedicto XVI deja un legado intelectual en el esp\u00edritu de la Iglesia, que pocos han alcanzado en m\u00e1s de 2.000 a\u00f1os de historia Cat\u00f3lica.WASHINGTON \u2014&nbsp;<\/p>\n\n\n\n<p>Este s\u00e1bado&nbsp;<em><strong><a href=\"https:\/\/www.vozdeamerica.com\/a\/fallece-el-papa-emerito-benedicto\/6898914.html?nocache=1\" target=\"_blank\" rel=\"noreferrer noopener\">falleci\u00f3 en su residencia de Castel Gandolfo<\/a><\/strong><\/em>, el papa em\u00e9rito Benedicto XVI. En medio de controversias y de una renuncia al papado sin precedentes en m\u00e1s de 600 a\u00f1os, el Sumo Pont\u00edfice, de origen alem\u00e1n, deja un legado de invaluable valor intelectual al mundo del catolicismo.<\/p>\n\n\n\n<p>Nacido en 1927 en Alemania, Ratzinger curs\u00f3 Teolog\u00eda en la universidad estatal de Munich, donde se form\u00f3 en una literatura en la que imperaban Goethe, Lutero, Kant, Hegel o Nietzsche.<\/p>\n\n\n\n<p>Sin embargo, debido a su origen germ\u00e1nico, Benedicto XVI tuvo que hacer frente a un pasado de sombras por su participaci\u00f3n en las juventudes hitlerianas durante la Segunda Guerra Mundial, cuando el alistamiento era obligatorio.<\/p>\n\n\n\n<p>Un hecho del que busc\u00f3 la redenci\u00f3n ante los ojos de Dios y de los fieles de la Iglesia cat\u00f3lica, cuando en 2006 visit\u00f3 el campo de concentraci\u00f3n nazi de Auschwitz.<\/p>\n\n\n\n<figure class=\"wp-block-image\"><a href=\"https:\/\/www.vozdeamerica.com\/a\/en-fotos-la-trayectoria-papal-de-benedicto-xvi\/6899033.html\"><img decoding=\"async\" src=\"https:\/\/gdb.voanews.com\/03370000-0aff-0242-7f7b-08daeb4621ef_w650_r1_s.jpg\" alt=\"En Fotos | La trayectoria papal de Benedicto XVI\"\/><\/a><figcaption>Galer\u00eda de fotosEn Fotos | La trayectoria papal de Benedicto XVI<\/figcaption><\/figure>\n\n\n\n<h3 class=\"wp-block-heading\">Elogios y cr\u00edticas<\/h3>\n\n\n\n<p>Fue elogiado por conservadores, por intentar reafirmar el tradicionalismo de la identidad cat\u00f3lica, y criticado por liberales por querer revertir reformas al interior de la Iglesia.<\/p>\n\n\n\n<p>Sin embargo, Josep Ratzinger, el papa Benedicto XVI, pas\u00f3 a la historia por una decisi\u00f3n sin precedentes en m\u00e1s de 600 a\u00f1os: renunciar por voluntad al anillo de San Pedro.<\/p>\n\n\n\n<p>Calificado como un hombre de mente brillante, Benedicto XVI dej\u00f3 un legado de luces intelectuales, ocupando un puesto destacado en la historia de la teolog\u00eda.<\/p>\n\n\n\n<p>Cuando decidi\u00f3 renunciar al pontificado, pare dedicarse a la oraci\u00f3n, su nombre ya ocupaba un lugar predominante entre los estudiosos de la fe cat\u00f3lica y la teolog\u00eda.<a href=\"https:\/\/www.vozdeamerica.com\/a\/que-sucedera-si-muere-el-papa-emerito-benedicto-xvi-\/6894970.html\"><\/a><a href=\"https:\/\/www.vozdeamerica.com\/a\/que-sucedera-si-muere-el-papa-emerito-benedicto-xvi-\/6894970.html\">TAMBI\u00c9N LEA\u00bfQu\u00e9 suceder\u00e1 si muere el papa em\u00e9rito Benedicto XVI?<\/a><\/p>\n\n\n\n<p>Fue el 28 de febrero de 2013,&nbsp;<em><strong><a href=\"https:\/\/www.vozdeamerica.com\/a\/vaticano_papa_benedicto_iglesia_catolico\/1613043.html\" target=\"_blank\" rel=\"noreferrer noopener\">cuando se hizo efectiva su jubilaci\u00f3n<\/a><\/strong><\/em>&nbsp;como l\u00edder de la Iglesia Cat\u00f3lica alegando \u201cfalta de fuerzas\u201d. En helic\u00f3ptero, ese mismo d\u00eda, Benedicto XVI era transportado hasta el castillo de Gandolfo, su residencia hasta su fallecimiento.<\/p>\n\n\n\n<p>Poco trascendi\u00f3 de sus a\u00f1os de retiro en Castel Gandolfo, en contraste con sus prol\u00edficas d\u00e9cadas como Cardenal y Obispo de Roma.<\/p>\n\n\n\n<p>Sin embargo, tras de s\u00ed tambi\u00e9n quedan contradictores que lo acusan de haber sido, presuntamente, complaciente con&nbsp;<strong><em><a href=\"https:\/\/www.vozdeamerica.com\/a\/papa-pide-perdon-victimas-pederastia\/1952341.html\" target=\"_blank\" rel=\"noreferrer noopener\">los esc\u00e1ndalos de pederastia<\/a><\/em><\/strong>&nbsp;que han empa\u00f1ado la historia moderna de El Vaticano.<\/p>\n\n\n\n<figure class=\"wp-block-image\"><img decoding=\"async\" src=\"https:\/\/gdb.voanews.com\/03370000-0aff-0242-c044-08dae9bb5bf5_tv_w650_r1.jpg\" alt=\"El legado del papa em\u00e9rito Benedicto XVI\" title=\"El legado del papa em\u00e9rito Benedicto XVI\"\/><\/figure>\n\n\n\n<p><video poster=\"https:\/\/gdb.voanews.com\/03370000-0aff-0242-c044-08dae9bb5bf5_tv_w650_r1.jpg\" src=\"https:\/\/av.voanews.com\/Videoroot\/Pangeavideo\/2022\/12\/0\/03\/03370000-0aff-0242-c044-08dae9bb5bf5_manifest.mpd\"><\/video>&nbsp;INSERTAR&nbsp;SHARE<\/p>\n\n\n\n<h5 class=\"wp-block-heading\"><a href=\"https:\/\/www.vozdeamerica.com\/a\/papa-emerito-benedicto-xvi-legado-invaluable-valor-intelectual-catolicismo\/6896463.html\" target=\"_blank\" rel=\"noreferrer noopener\">El legado del papa em\u00e9rito Benedicto XVI<\/a><\/h5>\n\n\n\n<p>&nbsp;INSERTAR&nbsp;SHAREEl c\u00f3digo se ha copiado en su portapapeles.&nbsp;<\/p>\n\n\n\n<hr class=\"wp-block-separator\"\/>\n\n\n\n<p>Ancho&nbsp;&nbsp;px&nbsp;Altura&nbsp;&nbsp;px<\/p>\n\n\n\n<ul class=\"wp-block-list\"><li><a href=\"https:\/\/facebook.com\/sharer.php?u=https%3a%2f%2fwww.vozdeamerica.com%2fa%2f6896463.html\" target=\"_blank\" rel=\"noreferrer noopener\">Comparta en Facebook<\/a><\/li><li><a href=\"https:\/\/twitter.com\/share?url=https%3a%2f%2fwww.vozdeamerica.com%2fa%2f6896463.html&amp;text=El+legado+del+papa+em%c3%a9rito+Benedicto+XVI\" target=\"_blank\" rel=\"noreferrer noopener\">Comparta en Twitter<\/a><\/li><\/ul>\n\n\n\n<hr class=\"wp-block-separator\"\/>\n\n\n\n<p>The URL has been copied to your clipboard&nbsp;<\/p>\n\n\n\n<p>No media source currently available0:000:01:590:00<a href=\"https:\/\/www.vozdeamerica.com\/embed\/player\/Article\/6896463.html?type=video&amp;FullScreenMode=True\" target=\"_blank\" rel=\"noreferrer noopener\"><\/a>&nbsp;Descargar&nbsp;<\/p>\n\n\n\n<p><strong><em>\u00a1Con\u00e9ctate con la Voz de Am\u00e9rica! Suscr\u00edbete a nuestro canal de<\/em><\/strong><a href=\"https:\/\/www.youtube.com\/redirect?event=video_description&amp;redir_token=QUFFLUhqa0NnRmlwS0luajhoQjlQT05lLXNVWXdadTNCUXxBQ3Jtc0ttLW1XeUJ2X3dMc0dPQTFWdWtoNkFjNFdwd2tzQUJTY2FpcW9NMEtCUnZVSHpJVGM0UUxMZzJrY1YyclNBM1pqTEhDM0tfdFE0SVExZkxVUnhUZ2ExZFFYTHphdzJIb1ZsbXJ0N0UwTWhLQ0YyaENSQQ&amp;q=http%3A%2F%2Fbit.ly%2F2XpJNZj\"><strong><em>&nbsp;YouTube<\/em><\/strong><\/a><strong><em>&nbsp;y activa las notificaciones, o bien, s\u00edguenos en redes sociales:&nbsp;<\/em><\/strong><a href=\"https:\/\/www.facebook.com\/VozdeAmerica\/\"><strong><em>Facebook<\/em><\/strong><\/a><strong><em>,&nbsp;<\/em><\/strong><a href=\"https:\/\/twitter.com\/VozdeAmerica\"><strong><em>Twitter<\/em><\/strong><\/a><strong><em>&nbsp;e&nbsp;<\/em><\/strong><a href=\"https:\/\/www.instagram.com\/vozdeamerica\/\"><strong><em>Instagram<\/em><\/strong><\/a><strong><em>.<\/em><\/strong><\/p>\n\n\n\n<ul class=\"wp-block-list\"><li><\/li><\/ul>\n\n\n\n<ul class=\"wp-block-list\"><li><\/li><\/ul>\n\n\n\n<ul class=\"wp-block-list\"><li><\/li><\/ul>\n\n\n\n<h3 class=\"wp-block-heading\">Facebook Forum<\/h3>\n\n\n\n<p>https:\/\/www.facebook.com\/plugins\/comments.php?app_id=388594471527400&#038;channel=https%3A%2F%2Fstaticxx.facebook.com%2Fx%2Fconnect%2Fxd_arbiter%2F%3Fversion%3D46%23cb%3Df27707461484b1c%26domain%3Dwww.vozdeamerica.com%26is_canvas%3Dfalse%26origin%3Dhttps%253A%252F%252Fwww.vozdeamerica.com%252Ffcfa3c028f59a8%26relation%3Dparent.parent&#038;container_width=676&#038;height=100&#038;href=https%3A%2F%2Fwww.vozdeamerica.com%2Fa%2Fpapa-emerito-benedicto-xvi-legado-invaluable-valor-intelectual-catolicismo%2F6895246.html&#038;locale=en_US&#038;mobile=true&#038;numposts=2&#038;sdk=joey&#038;width=<\/p>\n\n\n\n<h2 class=\"wp-block-heading\">Relacionados<\/h2>\n\n\n\n<ul class=\"wp-block-list\"><li><a href=\"https:\/\/www.vozdeamerica.com\/a\/papa-pide-oraciones-para-antecesor-benedicto-xvi\/6894581.html\"><\/a><a href=\"https:\/\/www.vozdeamerica.com\/a\/papa-pide-oraciones-para-antecesor-benedicto-xvi\/6894581.html\">El Papa pide oraciones para su antecesor Benedicto XVI: \u00abEst\u00e1 muy enfermo\u00bb<\/a><\/li><li><a href=\"https:\/\/www.vozdeamerica.com\/a\/quien-es-el-obispo-detenido-rolando-alvarez-y-por-que-podria-se-inminete-su-salida-de-nicaragua-\/6715879.html\"><\/a><a href=\"https:\/\/www.vozdeamerica.com\/a\/quien-es-el-obispo-detenido-rolando-alvarez-y-por-que-podria-se-inminete-su-salida-de-nicaragua-\/6715879.html\">\u00bfQui\u00e9n es el obispo Rolando \u00c1lvarez y por qu\u00e9 podr\u00eda ser inminente su salida de Nicaragua?<\/a><\/li><li><a href=\"https:\/\/www.vozdeamerica.com\/a\/papa-francisco-niega-que-planee-renunciar-pronto\/6644224.html\"><\/a><a href=\"https:\/\/www.vozdeamerica.com\/a\/papa-francisco-niega-que-planee-renunciar-pronto\/6644224.html\">Papa Francisco niega que planee renunciar pronto<\/a><\/li><\/ul>\n\n\n\n<h2 class=\"wp-block-heading\">S\u00edganos en redes sociales<\/h2>\n\n\n\n<p>https:\/\/e.infogram.com\/31800841-2aab-4f28-8514-9b4b162a11d1?parent_url=https%3A%2F%2Fwww.vozdeamerica.com%2Fa%2Fpapa-emerito-benedicto-xvi-legado-invaluable-valor-intelectual-catolicismo%2F6895246.html&#038;src=embed#async_embed<\/p>\n\n\n\n<ul class=\"wp-block-list\"><li><a href=\"https:\/\/www.vozdeamerica.com\/a\/ecuador-capturan-en-colombia-expolic%C3%ADa-acusado-feminicidio\/6899071.html\"><\/a><a href=\"https:\/\/www.vozdeamerica.com\/a\/ecuador-capturan-en-colombia-expolic%C3%ADa-acusado-feminicidio\/6899071.html\">Ecuador: Capturan en Colombia expolic\u00eda acusado feminicidio<\/a><\/li><\/ul>\n\n\n\n<ul class=\"wp-block-list\"><li>S\u00cdGANOS<ul><li><a href=\"https:\/\/www.facebook.com\/VozDeAmerica\" target=\"_blank\" rel=\"noreferrer noopener\"><\/a><\/li><li><a href=\"https:\/\/twitter.com\/VozdeAmerica\" target=\"_blank\" rel=\"noreferrer noopener\"><\/a><\/li><li><a href=\"https:\/\/www.youtube.com\/user\/vozdeamerica\" target=\"_blank\" rel=\"noreferrer noopener\"><\/a><\/li><li><a href=\"https:\/\/www.vozdeamerica.com\/rssfeeds\"><\/a><\/li><li><a href=\"https:\/\/www.vozdeamerica.com\/podcasts\"><\/a><\/li><li><a href=\"https:\/\/www.vozdeamerica.com\/subscribe.html\"><\/a><\/li><li><a href=\"https:\/\/www.instagram.com\/vozdeamerica\" target=\"_blank\" rel=\"noreferrer noopener\"><\/a><\/li><\/ul><\/li><li>CONTACTO<ul><li><a href=\"https:\/\/www.vozdeamerica.com\/p\/6119.html\">Para afiliarse a la Voz de Am\u00e9rica<\/a><\/li><li><a href=\"https:\/\/www.vozdeamerica.com\/p\/3847.html\">Contacto<\/a><\/li><\/ul><\/li><li>SOBRE NOSOTROS<ul><li><a href=\"https:\/\/www.vozdeamerica.com\/p\/3858.html\">\u00bfQui\u00e9nes somos?<\/a><\/li><li><a href=\"https:\/\/www.vozdeamerica.com\/p\/3855.html\">Pol\u00edtica de privacidad<\/a><\/li><\/ul><\/li><li>ACCESIBILIDAD<ul><li><a href=\"https:\/\/www.vozdeamerica.com\/p\/7284.html\">Acceso a la informaci\u00f3n<\/a><\/li><li><a href=\"https:\/\/www.vozdeamerica.com\/a\/que-es-voa-verifica-\/6843776.html\">\u00bfQu\u00e9 es VOA Verifica?<\/a><\/li><\/ul><\/li><li>EDITORIALES<ul><li><a href=\"https:\/\/editorials.voa.gov\/z\/3305\" target=\"_blank\" rel=\"noreferrer noopener\">Punto de Vista<\/a><\/li><\/ul><\/li><\/ul>\n\n\n\n<p>SM<\/p>\n","protected":false},"excerpt":{"rendered":"<p>diciembre 31, 2022 Carolina Valladares Vea comentarios Admirado por unos y criticado por otros, el pont\u00edfice Benedicto XVI deja un legado intelectual en el esp\u00edritu de la Iglesia, que pocos han alcanzado en m\u00e1s de 2.000 a\u00f1os de historia Cat\u00f3lica.WASHINGTON \u2014&nbsp; Este s\u00e1bado&nbsp;falleci\u00f3 en su residencia de Castel Gandolfo, el papa em\u00e9rito Benedicto XVI. En [&hellip;]<\/p>\n","protected":false},"author":28,"featured_media":406749,"comment_status":"closed","ping_status":"","sticky":true,"template":"","format":"standard","meta":{"footnotes":""},"categories":[36,26,23],"tags":[],"class_list":["post-406748","post","type-post","status-publish","format-standard","has-post-thumbnail","hentry","category-hombresmujeresycosas","category-efemerides","category-internacional"],"_links":{"self":[{"href":"https:\/\/diariodominicano.com\/index.php?rest_route=\/wp\/v2\/posts\/406748","targetHints":{"allow":["GET"]}}],"collection":[{"href":"https:\/\/diariodominicano.com\/index.php?rest_route=\/wp\/v2\/posts"}],"about":[{"href":"https:\/\/diariodominicano.com\/index.php?rest_route=\/wp\/v2\/types\/post"}],"author":[{"embeddable":true,"href":"https:\/\/diariodominicano.com\/index.php?rest_route=\/wp\/v2\/users\/28"}],"replies":[{"embeddable":true,"href":"https:\/\/diariodominicano.com\/index.php?rest_route=%2Fwp%2Fv2%2Fcomments&post=406748"}],"version-history":[{"count":1,"href":"https:\/\/diariodominicano.com\/index.php?rest_route=\/wp\/v2\/posts\/406748\/revisions"}],"predecessor-version":[{"id":406750,"href":"https:\/\/diariodominicano.com\/index.php?rest_route=\/wp\/v2\/posts\/406748\/revisions\/406750"}],"wp:featuredmedia":[{"embeddable":true,"href":"https:\/\/diariodominicano.com\/index.php?rest_route=\/wp\/v2\/media\/406749"}],"wp:attachment":[{"href":"https:\/\/diariodominicano.com\/index.php?rest_route=%2Fwp%2Fv2%2Fmedia&parent=406748"}],"wp:term":[{"taxonomy":"category","embeddable":true,"href":"https:\/\/diariodominicano.com\/index.php?rest_route=%2Fwp%2Fv2%2Fcategories&post=406748"},{"taxonomy":"post_tag","embeddable":true,"href":"https:\/\/diariodominicano.com\/index.php?rest_route=%2Fwp%2Fv2%2Ftags&post=406748"}],"curies":[{"name":"wp","href":"https:\/\/api.w.org\/{rel}","templated":true}]}}