{"id":406725,"date":"2022-12-31T20:43:58","date_gmt":"2023-01-01T00:43:58","guid":{"rendered":"http:\/\/diariodominicano.com\/?p=406725"},"modified":"2022-12-31T20:43:58","modified_gmt":"2023-01-01T00:43:58","slug":"vaticano-realizara-el-5-de-enero-funeral-del-papa-emerito-benedicto-xvi","status":"publish","type":"post","link":"https:\/\/diariodominicano.com\/?p=406725","title":{"rendered":"Vaticano realizar\u00e1 el 5 de enero funeral del papa em\u00e9rito Benedicto XVI"},"content":{"rendered":"\n<p>Roma, 31 dic (Prensa Latina) El 5 de enero se efectuar\u00e1 en el Vaticano el funeral del papa em\u00e9rito Benedicto XVI, quien falleci\u00f3 hoy a los 95 a\u00f1os de edad, seg\u00fan inform\u00f3 Matteo Bruni, director de la oficina de prensa de la Santa Sede.&nbsp;&nbsp;&nbsp;&nbsp;<\/p>\n\n\n\n<ul class=\"wp-block-list\"><li>diciembre 31, 2022<\/li><li>CST10:53 (GMT) -0500<\/li><\/ul>\n\n\n\n<p>Bruni precis\u00f3 que la ceremonia comenzar\u00e1 a las 09:30 hora local del pr\u00f3ximo jueves, presidida por el papa Francisco y, cumpliendo con los deseos expresados por Benedicto, \u201cse realizar\u00e1 en la mayor sencillez\u201d.<\/p>\n\n\n\n<p>La oficina de celebraciones lit\u00fargicas, dirigida actualnete por monse\u00f1or Diego Ravelli, se prepara desde hace alg\u00fan tiempo para este evento, que re\u00fane particularidades diferentes a los realizados hasta ahora, pues nunca antes un Sumo Pont\u00edfice hab\u00eda presidido el funeral de su inmediato predecesor.<\/p>\n\n\n\n<p>Se trata de la primera vez en que la muerte de un papa no marca el inicio de la Sede Vacante, per\u00edodo que va desde el final de un pontificado hasta el comienzo del siguiente con la elecci\u00f3n del nuevo pont\u00edfice en la Capilla Sixtina.<\/p>\n\n\n\n<p>Las liturgias f\u00fanebres comenzar\u00e1n con la exposici\u00f3n del cuerpo de Joseph Ratzinger en la Bas\u00edlica Vaticana, a partir de la ma\u00f1ana del 2 de enero de 2023, un ritual que ser\u00e1 dirigido por Ravelli.<\/p>\n\n\n\n<p>Todas las oraciones han sido modificadas, pues no se rezar\u00e1 por un pont\u00edfice que muri\u00f3 reinando, sino por el obispo em\u00e9rito de Roma, un papa que hace alg\u00fan tiempo dej\u00f3 de gobernar y, seg\u00fan las fuentes vaticanas, por tal raz\u00f3n no se prev\u00e9 el denominado novendiali, nueve d\u00edas de luto papal que comienzan tradicionalmente con el funeral.<\/p>\n\n\n\n<p>Su entierro se realizar\u00e1 en las Grutas del Vaticano, conjunto de tumbas papales situado debajo de la Bas\u00edlica de San Pedro.<\/p>\n\n\n\n<p>El papa em\u00e9rito Benedicto XVI falleci\u00f3 este s\u00e1bado en el monasterio Mater Ecclesiae del Vaticano, a las 09:34 hora local, como consecuencia del agravamiento de su estado de salud, debido a su edad avanzada<\/p>\n\n\n\n<p>El 28 de diciembre \u00faltimo el papa Francisco pidi\u00f3 ese d\u00eda una oraci\u00f3n especial por Benedicto, y se\u00f1al\u00f3 que en los rezos debemos recordarlo, \u201cpidiendo al Se\u00f1or que lo consuele, y lo sostenga en este testimonio de amor a la Iglesia, hasta el final\u201d,tras lo cual lo visit\u00f3 en el monasterio Mater Ecclesiae.<\/p>\n\n\n\n<p>Bruni aclar\u00f3 posteriormente que \u201cde momento, la situaci\u00f3n sigue bajo control, vigilada constantemente por los m\u00e9dicos\u201d y de hecho el pasado viernes comunic\u00f3 que \u201canoche el papa em\u00e9rito pudo descansar bien\u201d, pero posteriormente su estado de salud empeor\u00f3.<\/p>\n\n\n\n<p>El portavoz del Vaticano precis\u00f3 que Benedicto recibi\u00f3 la Unci\u00f3n de los Enfermos el pasado mi\u00e9rcoles, al final de una misa efectuada en el el Monasterio Mater Ecclesiae, donde resid\u00eda desde su renuncia, en febrero de 2013.<\/p>\n\n\n\n<p>oda\/ort<\/p>\n","protected":false},"excerpt":{"rendered":"<p>Roma, 31 dic (Prensa Latina) El 5 de enero se efectuar\u00e1 en el Vaticano el funeral del papa em\u00e9rito Benedicto XVI, quien falleci\u00f3 hoy a los 95 a\u00f1os de edad, seg\u00fan inform\u00f3 Matteo Bruni, director de la oficina de prensa de la Santa Sede.&nbsp;&nbsp;&nbsp;&nbsp; diciembre 31, 2022 CST10:53 (GMT) -0500 Bruni precis\u00f3 que la ceremonia [&hellip;]<\/p>\n","protected":false},"author":28,"featured_media":406726,"comment_status":"closed","ping_status":"","sticky":true,"template":"","format":"standard","meta":{"footnotes":""},"categories":[36,23,27],"tags":[],"class_list":["post-406725","post","type-post","status-publish","format-standard","has-post-thumbnail","hentry","category-hombresmujeresycosas","category-internacional","category-portada"],"_links":{"self":[{"href":"https:\/\/diariodominicano.com\/index.php?rest_route=\/wp\/v2\/posts\/406725","targetHints":{"allow":["GET"]}}],"collection":[{"href":"https:\/\/diariodominicano.com\/index.php?rest_route=\/wp\/v2\/posts"}],"about":[{"href":"https:\/\/diariodominicano.com\/index.php?rest_route=\/wp\/v2\/types\/post"}],"author":[{"embeddable":true,"href":"https:\/\/diariodominicano.com\/index.php?rest_route=\/wp\/v2\/users\/28"}],"replies":[{"embeddable":true,"href":"https:\/\/diariodominicano.com\/index.php?rest_route=%2Fwp%2Fv2%2Fcomments&post=406725"}],"version-history":[{"count":1,"href":"https:\/\/diariodominicano.com\/index.php?rest_route=\/wp\/v2\/posts\/406725\/revisions"}],"predecessor-version":[{"id":406727,"href":"https:\/\/diariodominicano.com\/index.php?rest_route=\/wp\/v2\/posts\/406725\/revisions\/406727"}],"wp:featuredmedia":[{"embeddable":true,"href":"https:\/\/diariodominicano.com\/index.php?rest_route=\/wp\/v2\/media\/406726"}],"wp:attachment":[{"href":"https:\/\/diariodominicano.com\/index.php?rest_route=%2Fwp%2Fv2%2Fmedia&parent=406725"}],"wp:term":[{"taxonomy":"category","embeddable":true,"href":"https:\/\/diariodominicano.com\/index.php?rest_route=%2Fwp%2Fv2%2Fcategories&post=406725"},{"taxonomy":"post_tag","embeddable":true,"href":"https:\/\/diariodominicano.com\/index.php?rest_route=%2Fwp%2Fv2%2Ftags&post=406725"}],"curies":[{"name":"wp","href":"https:\/\/api.w.org\/{rel}","templated":true}]}}